{"id":14315,"date":"2025-04-10T06:24:25","date_gmt":"2025-04-10T06:24:25","guid":{"rendered":"https:\/\/www.europesays.com\/fr\/14315\/"},"modified":"2025-04-10T06:24:25","modified_gmt":"2025-04-10T06:24:25","slug":"une-famille-renversee-sur-le-chemin-de-lecole-la-fillette-en-urgence-absolue-2","status":"publish","type":"post","link":"https:\/\/www.europesays.com\/fr\/14315\/","title":{"rendered":"Une famille renvers\u00e9e sur le chemin de l\u2019\u00e9cole, la fillette en urgence absolue"},"content":{"rendered":"<p>Vers 8h30 ce mardi matin, alors qu\u2019une m\u00e8re accompagne son fils et sa fille de 6 ans \u00e0 l\u2019\u00e9cole, la famille est percut\u00e9e par une <a href=\"https:\/\/www.20minutes.fr\/dossier\/voiture\" class=\"color-ultramarine c-link\" target=\"_blank\" rel=\"noopener\">automobiliste<\/a>, dans le centre-ville de Gradignan, pr\u00e8s de Bordeaux, <a href=\"https:\/\/www.francebleu.fr\/infos\/faits-divers-justice\/une-maman-et-ses-deux-enfants-renverses-par-une-voiture-sur-le-chemin-de-l-ecole-a-gradignan-6302791\" rel=\"nofollow noopener\" target=\"_blank\" class=\"color-ultramarine c-link\">rapporte France Bleu Gironde.<\/a> La fillette a \u00e9t\u00e9 \u00e9vacu\u00e9e en urgence absolue vers le CHU de Pellegrin \u00e0 <a href=\"https:\/\/www.20minutes.fr\/bordeaux\/\" class=\"color-ultramarine c-link\" target=\"_blank\" rel=\"noopener\">Bordeaux,<\/a> tandis que sa m\u00e8re, 42 ans, et son fr\u00e8re ont \u00e9t\u00e9 pris en charge en urgence relative.<\/p>\n<p>Eblouie par le soleil\u00a0?<\/p>\n<p>La septuag\u00e9naire qui conduisait la voiture explique avoir \u00e9t\u00e9 \u00e9blouie par le soleil, juste avant le choc. Elle ne roulait pas \u00e0 vive allure selon plusieurs t\u00e9moins, dont les propos ont \u00e9t\u00e9 rapport\u00e9s par un repr\u00e9sentant de la mairie de Gradignan, qui s\u2019est rendu sur les lieux.<\/p>\n<\/p>\n<p>La police a ouvert une enqu\u00eate pour comprendre comment l\u2019accident a pu se produire et d\u00e9terminer notamment si les victimes ont \u00e9t\u00e9 renvers\u00e9es alors qu\u2019elles traversaient sur un passage pi\u00e9ton, comme l\u2019affirme la m\u00e8re des enfants.<\/p>\n","protected":false},"excerpt":{"rendered":"Vers 8h30 ce mardi matin, alors qu\u2019une m\u00e8re accompagne son fils et sa fille de 6 ans \u00e0&hellip;\n","protected":false},"author":2,"featured_media":14316,"comment_status":"","ping_status":"","sticky":false,"template":"","format":"standard","meta":{"footnotes":""},"categories":[2817],"tags":[4376,1111,47,11,3177,1997,4309,1777,674,118,1011,27,2905,12,2219,25],"class_list":{"0":"post-14315","1":"post","2":"type-post","3":"status-publish","4":"format-standard","5":"has-post-thumbnail","7":"category-bordeaux","8":"tag-accident-de-la-route","9":"tag-actu","10":"tag-actualite","11":"tag-actualites","12":"tag-aquitaine","13":"tag-bordeaux","14":"tag-chu","15":"tag-eu","16":"tag-europe","17":"tag-faits-divers","18":"tag-fr","19":"tag-france","20":"tag-gironde","21":"tag-news","22":"tag-nouvelle-aquitaine","23":"tag-republique-francaise"},"share_on_mastodon":{"url":"https:\/\/pubeurope.com\/@fr\/114312240436839743","error":""},"_links":{"self":[{"href":"https:\/\/www.europesays.com\/fr\/wp-json\/wp\/v2\/posts\/14315","targetHints":{"allow":["GET"]}}],"collection":[{"href":"https:\/\/www.europesays.com\/fr\/wp-json\/wp\/v2\/posts"}],"about":[{"href":"https:\/\/www.europesays.com\/fr\/wp-json\/wp\/v2\/types\/post"}],"author":[{"embeddable":true,"href":"https:\/\/www.europesays.com\/fr\/wp-json\/wp\/v2\/users\/2"}],"replies":[{"embeddable":true,"href":"https:\/\/www.europesays.com\/fr\/wp-json\/wp\/v2\/comments?post=14315"}],"version-history":[{"count":0,"href":"https:\/\/www.europesays.com\/fr\/wp-json\/wp\/v2\/posts\/14315\/revisions"}],"wp:featuredmedia":[{"embeddable":true,"href":"https:\/\/www.europesays.com\/fr\/wp-json\/wp\/v2\/media\/14316"}],"wp:attachment":[{"href":"https:\/\/www.europesays.com\/fr\/wp-json\/wp\/v2\/media?parent=14315"}],"wp:term":[{"taxonomy":"category","embeddable":true,"href":"https:\/\/www.europesays.com\/fr\/wp-json\/wp\/v2\/categories?post=14315"},{"taxonomy":"post_tag","embeddable":true,"href":"https:\/\/www.europesays.com\/fr\/wp-json\/wp\/v2\/tags?post=14315"}],"curies":[{"name":"wp","href":"https:\/\/api.w.org\/{rel}","templated":true}]}}