{"id":143166,"date":"2025-06-01T03:59:16","date_gmt":"2025-06-01T03:59:16","guid":{"rendered":"https:\/\/www.europesays.com\/fr\/143166\/"},"modified":"2025-06-01T03:59:16","modified_gmt":"2025-06-01T03:59:16","slug":"fanzone-bars-guinguettes-ou-regarder-la-finale-de-ligue-des-champions-a-paris-liberation","status":"publish","type":"post","link":"https:\/\/www.europesays.com\/fr\/143166\/","title":{"rendered":"Fanzone, bars, guinguettes\u2026 O\u00f9 regarder la finale de Ligue des champions \u00e0 Paris\u00a0? \u2013 Lib\u00e9ration"},"content":{"rendered":"<p class=\"sc-ksZaOG ehjQrN text-element\">Une atmosph\u00e8re particuli\u00e8re flotte sur Paris depuis plusieurs jours : les bars s\u2019habillent de rouge et de bleu, les maillots inondent les rues et ce sujet mobilise les discussions. Pour cause, la finale de Ligue des champions, <a href=\"https:\/\/www.liberation.fr\/sports\/football\/ligue-des-champions-le-psg-en-finale-apres-sa-victoire-contre-arsenal-20250507_UM5MSGJ33VDHPMHLZXRJ7Z7UNM\/\" target=\"_blank\" rel=\"nofollow noopener\" title=\"https:\/\/www.liberation.fr\/sports\/football\/ligue-des-champions-le-psg-en-finale-apres-sa-victoire-contre-arsenal-20250507_UM5MSGJ33VDHPMHLZXRJ7Z7UNM\/\">tant convoit\u00e9e par le PSG<\/a> depuis <a href=\"https:\/\/www.liberation.fr\/sports\/football\/football-le-psg-un-club-francais-une-polemique-qui-pose-la-delicate-question-de-lidentite-20250526_NUDGHOOWX5HN7H3ITM5663CDN4\/\" target=\"_blank\" rel=\"nofollow noopener\" title=\"https:\/\/www.liberation.fr\/sports\/football\/football-le-psg-un-club-francais-une-polemique-qui-pose-la-delicate-question-de-lidentite-20250526_NUDGHOOWX5HN7H3ITM5663CDN4\/\">l\u2019arriv\u00e9e du Qatar en 2011<\/a>, opposera le club de la capitale \u00e0 l\u2019Inter de Milan ce samedi 31 mai \u00e0 21 heures. Ni plus ni moins que le match d\u2019une vie pour les joueurs et supporteurs parisiens. Pour l\u2019occasion, Lib\u00e9 revient sur les meilleurs endroits o\u00f9 regarder la finale, \u00e0 Paris ou en banlieue.<\/p>\n<p class=\"sc-ksZaOG ehjQrN text-element\">Les rumeurs ont tra\u00een\u00e9 sur les r\u00e9seaux sociaux pendant plusieurs semaines mais finalement, aucune fanzone ne sera pr\u00e9vue dans Paris intra-muros. La mairie, en concertation avec la pr\u00e9fecture de police, a <\/p>\n","protected":false},"excerpt":{"rendered":"Une atmosph\u00e8re particuli\u00e8re flotte sur Paris depuis plusieurs jours : les bars s\u2019habillent de rouge et de bleu,&hellip;\n","protected":false},"author":2,"featured_media":143167,"comment_status":"","ping_status":"","sticky":false,"template":"","format":"standard","meta":{"footnotes":""},"categories":[1888],"tags":[1111,1928,11,1927,1777,674,1011,27,447,12,1926,626,1925,93,25],"class_list":{"0":"post-143166","1":"post","2":"type-post","3":"status-publish","4":"format-standard","5":"has-post-thumbnail","7":"category-paris","8":"tag-actu","9":"tag-actu-paris","10":"tag-actualites","11":"tag-actualites-paris","12":"tag-eu","13":"tag-europe","14":"tag-fr","15":"tag-france","16":"tag-ligue-des-champions","17":"tag-news","18":"tag-news-paris","19":"tag-paris","20":"tag-paris-news","21":"tag-psg","22":"tag-republique-francaise"},"share_on_mastodon":{"url":"https:\/\/pubeurope.com\/@fr\/114606110418116624","error":""},"_links":{"self":[{"href":"https:\/\/www.europesays.com\/fr\/wp-json\/wp\/v2\/posts\/143166","targetHints":{"allow":["GET"]}}],"collection":[{"href":"https:\/\/www.europesays.com\/fr\/wp-json\/wp\/v2\/posts"}],"about":[{"href":"https:\/\/www.europesays.com\/fr\/wp-json\/wp\/v2\/types\/post"}],"author":[{"embeddable":true,"href":"https:\/\/www.europesays.com\/fr\/wp-json\/wp\/v2\/users\/2"}],"replies":[{"embeddable":true,"href":"https:\/\/www.europesays.com\/fr\/wp-json\/wp\/v2\/comments?post=143166"}],"version-history":[{"count":0,"href":"https:\/\/www.europesays.com\/fr\/wp-json\/wp\/v2\/posts\/143166\/revisions"}],"wp:featuredmedia":[{"embeddable":true,"href":"https:\/\/www.europesays.com\/fr\/wp-json\/wp\/v2\/media\/143167"}],"wp:attachment":[{"href":"https:\/\/www.europesays.com\/fr\/wp-json\/wp\/v2\/media?parent=143166"}],"wp:term":[{"taxonomy":"category","embeddable":true,"href":"https:\/\/www.europesays.com\/fr\/wp-json\/wp\/v2\/categories?post=143166"},{"taxonomy":"post_tag","embeddable":true,"href":"https:\/\/www.europesays.com\/fr\/wp-json\/wp\/v2\/tags?post=143166"}],"curies":[{"name":"wp","href":"https:\/\/api.w.org\/{rel}","templated":true}]}}