{"id":143181,"date":"2025-06-01T04:07:08","date_gmt":"2025-06-01T04:07:08","guid":{"rendered":"https:\/\/www.europesays.com\/fr\/143181\/"},"modified":"2025-06-01T04:07:08","modified_gmt":"2025-06-01T04:07:08","slug":"le-psg-champion-deurope-les-larmes-de-rafel-pol-ladjoint-de-luis-enrique-apres-le-titre","status":"publish","type":"post","link":"https:\/\/www.europesays.com\/fr\/143181\/","title":{"rendered":"Le PSG champion d\u2019Europe\u00a0: les larmes de Rafel Pol, l\u2019adjoint de Luis Enrique, apr\u00e8s le titre"},"content":{"rendered":"<p class=\"paragraph text_align_left\">On retiendra Ousmane Demb\u00e9l\u00e9, D\u00e9sir\u00e9 Dou\u00e9, Khvicha Kvaratskhelia ou Luis Enrique. Les h\u00e9ros de Munich sont nombreux. Absolument bluffant ce samedi soir, <a href=\"https:\/\/www.leparisien.fr\/sports\/football\/ligue-des-champions\/psg-inter-5-0-paris-tout-puissant-31-05-2025-DNPP4HBOWFG23OPCCCDDHQKRKU.php\" target=\"_blank\" rel=\"noreferrer nofollow noopener\">le Paris Saint-Germain a d\u00e9croch\u00e9 la premi\u00e8re Ligue des champions de son histoire<\/a> en terrassant l\u2019Inter Milan (5-0). Mais ce sacre est aussi celui de tout un club, qui compte plus de 700 employ\u00e9s et notamment un staff pl\u00e9thorique autour de Luis Enrique.<\/p>\n<p class=\"lp-f-ui-06 bet-widget_legal-notices lp-color-text-muted lp-mb-07\">LES JEUX D&rsquo;ARGENT ET DE HASARD PEUVENT \u00caTRE DANGEREUX : PERTES D&rsquo;ARGENT, CONFLITS FAMILIAUX, ADDICTION\u2026 RETROUVEZ NOS CONSEILS SUR <a href=\"https:\/\/joueurs-info-service.fr\/\" class=\"lp-color-text-muted\" rel=\"nofollow noopener\" target=\"_blank\">JOUEURS-INFO-SERVICE.FR<\/a> (09 74 75 13 13 &#8211; APPEL NON SURTAX\u00c9)<\/p>\n<p class=\"paragraph text_align_left\"><a href=\"https:\/\/www.leparisien.fr\/sports\/football\/ligue-des-champions\/pol-le-bras-droit-valdes-le-psy-a-la-decouverte-de-la-garde-rapprochee-de-luis-enrique-au-psg-30-05-2025-NMADQJJCOFHXRCLECEA6TX7CRM.php\" target=\"_blank\" rel=\"noreferrer nofollow noopener\">Rafel Pol est l\u2019un d\u2019eux<\/a>. Ancien pr\u00e9parateur physique, l\u2019Espagnol est le bras droit du technicien, son premier assistant, celui qui lui murmure \u00e0 l\u2019oreille lors des entra\u00eenements, des matchs et des d\u00e9briefs tactiques. Le titre <a href=\"https:\/\/www.leparisien.fr\/sports\/football\/psg\/\" target=\"_blank\" rel=\"noreferrer nofollow noopener\">du Paris Saint-Germain<\/a> est donc, pour lui aussi, un grand moment. Avant m\u00eame la fin de la rencontre, Pol n\u2019a pu retenir ses larmes, des larmes de joie mais aussi de tristesse.<\/p>\n<blockquote class=\"twitter-tweet\">\n<p lang=\"en\" dir=\"ltr\">Six months ago, PSG assistant Rafel Pol lost his wife Raquel to a long-term illness.<\/p>\n<p>Tonight he was overcome with emotion after helping PSG make history \ud83d\ude4f\u2764\ufe0f <a href=\"https:\/\/t.co\/BZZZ8LcaYm\" rel=\"nofollow\">pic.twitter.com\/BZZZ8LcaYm<\/a><\/p>\n<p>\u2014 Football on TNT Sports (@footballontnt) <a href=\"https:\/\/twitter.com\/footballontnt\/status\/1928929831971893514?ref_src=twsrc%5Etfw\" rel=\"nofollow noopener\" target=\"_blank\">May 31, 2025<\/a><\/p><\/blockquote>\n<p class=\"paragraph text_align_left\">Car l\u2019assistant a v\u00e9cu un drame au cours de cette saison. Malade, sa femme est d\u00e9c\u00e9d\u00e9e en novembre dernier. Rafel Pol a malgr\u00e9 tout poursuivi son aventure aux c\u00f4t\u00e9s des Parisiens, jusqu\u2019\u00e0 ce fabuleux titre \u00e0 Munich. L\u2019\u00e9motion n\u2019en a logiquement \u00e9t\u00e9 que plus grande pour l\u2019un des grands artisans de ce sacre.<\/p>\n<p><script async src=\"https:\/\/platform.twitter.com\/widgets.js\" charset=\"utf-8\"><\/script><\/p>\n","protected":false},"excerpt":{"rendered":"On retiendra Ousmane Demb\u00e9l\u00e9, D\u00e9sir\u00e9 Dou\u00e9, Khvicha Kvaratskhelia ou Luis Enrique. Les h\u00e9ros de Munich sont nombreux. Absolument&hellip;\n","protected":false},"author":2,"featured_media":143182,"comment_status":"","ping_status":"","sticky":false,"template":"","format":"standard","meta":{"footnotes":""},"categories":[1586],"tags":[11,1777,674,63,1011,27,447,12,25,60],"class_list":{"0":"post-143181","1":"post","2":"type-post","3":"status-publish","4":"format-standard","5":"has-post-thumbnail","7":"category-europe","8":"tag-actualites","9":"tag-eu","10":"tag-europe","11":"tag-football","12":"tag-fr","13":"tag-france","14":"tag-ligue-des-champions","15":"tag-news","16":"tag-republique-francaise","17":"tag-sports"},"share_on_mastodon":{"url":"https:\/\/pubeurope.com\/@fr\/114606141830466993","error":""},"_links":{"self":[{"href":"https:\/\/www.europesays.com\/fr\/wp-json\/wp\/v2\/posts\/143181","targetHints":{"allow":["GET"]}}],"collection":[{"href":"https:\/\/www.europesays.com\/fr\/wp-json\/wp\/v2\/posts"}],"about":[{"href":"https:\/\/www.europesays.com\/fr\/wp-json\/wp\/v2\/types\/post"}],"author":[{"embeddable":true,"href":"https:\/\/www.europesays.com\/fr\/wp-json\/wp\/v2\/users\/2"}],"replies":[{"embeddable":true,"href":"https:\/\/www.europesays.com\/fr\/wp-json\/wp\/v2\/comments?post=143181"}],"version-history":[{"count":0,"href":"https:\/\/www.europesays.com\/fr\/wp-json\/wp\/v2\/posts\/143181\/revisions"}],"wp:featuredmedia":[{"embeddable":true,"href":"https:\/\/www.europesays.com\/fr\/wp-json\/wp\/v2\/media\/143182"}],"wp:attachment":[{"href":"https:\/\/www.europesays.com\/fr\/wp-json\/wp\/v2\/media?parent=143181"}],"wp:term":[{"taxonomy":"category","embeddable":true,"href":"https:\/\/www.europesays.com\/fr\/wp-json\/wp\/v2\/categories?post=143181"},{"taxonomy":"post_tag","embeddable":true,"href":"https:\/\/www.europesays.com\/fr\/wp-json\/wp\/v2\/tags?post=143181"}],"curies":[{"name":"wp","href":"https:\/\/api.w.org\/{rel}","templated":true}]}}