{"id":143191,"date":"2025-06-01T04:14:23","date_gmt":"2025-06-01T04:14:23","guid":{"rendered":"https:\/\/www.europesays.com\/fr\/143191\/"},"modified":"2025-06-01T04:14:23","modified_gmt":"2025-06-01T04:14:23","slug":"championship-maxime-jobe-me-servir-de-cette-experience-pour-etre-le-plus-complet-possible-rugby-a-xiii","status":"publish","type":"post","link":"https:\/\/www.europesays.com\/fr\/143191\/","title":{"rendered":"Championship &#8211; Maxime Jobe : \u00ab\u00a0Me servir de cette exp\u00e9rience pour \u00eatre le plus complet possible\u00a0\u00bb &#8211; Rugby \u00e0 XIII"},"content":{"rendered":"<p style=\"text-align: justify;\"><strong>Maxime Jobe, deuxi\u00e8me ligne d\u2019Halifax, revient sur sa saison \u00e0 Pia et \u00e9voque son arriv\u00e9e dans son nouveau club.<\/strong><\/p>\n<p style=\"text-align: justify;\"><strong>Comment s\u2019est fait le contact avec Halifax ?<\/strong><\/p>\n<p style=\"text-align: justify;\">C\u2019est Andrew Bentley qui m\u2019a mis en contact avec le club et tout est all\u00e9 tr\u00e8s vite apr\u00e8s \u00e7a.<\/p>\n<p style=\"text-align: justify;\"><strong>Quel bilan fais-tu de ta saison avec Pia individuellement et collectivement ?<\/strong><\/p>\n<p style=\"text-align: justify;\">Collectivement, nous sommes tous d\u00e9\u00e7us d\u2019avoir perdu ce barrage \u00e0 la maison \u00e0 la derni\u00e8re minute. Individuellement, \u00eatre accompagn\u00e9 de joueurs d\u2019exp\u00e9rience m\u2019a fait progresser.<\/p>\n<p style=\"text-align: justify;\"><strong>Une d\u00e9faite 34 \u00e0 10 contre Oldham ce week-end, qu\u2019est-ce qui vous a manqu\u00e9 ?<\/strong><\/p>\n<p style=\"text-align: justify;\">On a eu du mal \u00e0 attaquer et \u00e0 trouver des espaces. Oldham a concr\u00e9tis\u00e9 d\u00e8s qu\u2019ils sont entr\u00e9s dans nos 20 m\u00e8tres.<\/p>\n<p style=\"text-align: justify;\"><strong>Plusieurs joueurs ont rejoint le Championship apr\u00e8s le Super XIII, comment expliques-tu cela ?\u00a0<\/strong><\/p>\n<p style=\"text-align: justify;\">Certains voulaient juste continuer \u00e0 jouer, d\u2019autre prendre s\u00fbrement de l\u2019exp\u00e9rience, c\u2019est pour \u00e7a qu\u2019il y a de plus en plus de joueurs qui essayent de partir \u00e0 la fin de la saison du Super XIII.<\/p>\n<p style=\"text-align: justify;\"><strong> Quels sont tes objectifs avec Halifax ?<\/strong><\/p>\n<p style=\"text-align: justify;\">Juste jouer un maximum de matchs et me servir de cette exp\u00e9rience pour \u00eatre le plus complet possible.<\/p>\n","protected":false},"excerpt":{"rendered":"Maxime Jobe, deuxi\u00e8me ligne d\u2019Halifax, revient sur sa saison \u00e0 Pia et \u00e9voque son arriv\u00e9e dans son nouveau&hellip;\n","protected":false},"author":2,"featured_media":143192,"comment_status":"","ping_status":"","sticky":false,"template":"","format":"standard","meta":{"footnotes":""},"categories":[1416],"tags":[3500,1011,27,17007,27124,16661,479,2228,1468,2229,60,2231],"class_list":{"0":"post-143191","1":"post","2":"type-post","3":"status-publish","4":"format-standard","5":"has-post-thumbnail","7":"category-rugby","8":"tag-championship","9":"tag-fr","10":"tag-france","11":"tag-halifax","12":"tag-maxime-jobe","13":"tag-pia","14":"tag-rugby","15":"tag-rugby-a-xiii","16":"tag-rugby-football","17":"tag-rugby-league","18":"tag-sports","19":"tag-super-xiii"},"share_on_mastodon":{"url":"https:\/\/pubeurope.com\/@fr\/114606169311875474","error":""},"_links":{"self":[{"href":"https:\/\/www.europesays.com\/fr\/wp-json\/wp\/v2\/posts\/143191","targetHints":{"allow":["GET"]}}],"collection":[{"href":"https:\/\/www.europesays.com\/fr\/wp-json\/wp\/v2\/posts"}],"about":[{"href":"https:\/\/www.europesays.com\/fr\/wp-json\/wp\/v2\/types\/post"}],"author":[{"embeddable":true,"href":"https:\/\/www.europesays.com\/fr\/wp-json\/wp\/v2\/users\/2"}],"replies":[{"embeddable":true,"href":"https:\/\/www.europesays.com\/fr\/wp-json\/wp\/v2\/comments?post=143191"}],"version-history":[{"count":0,"href":"https:\/\/www.europesays.com\/fr\/wp-json\/wp\/v2\/posts\/143191\/revisions"}],"wp:featuredmedia":[{"embeddable":true,"href":"https:\/\/www.europesays.com\/fr\/wp-json\/wp\/v2\/media\/143192"}],"wp:attachment":[{"href":"https:\/\/www.europesays.com\/fr\/wp-json\/wp\/v2\/media?parent=143191"}],"wp:term":[{"taxonomy":"category","embeddable":true,"href":"https:\/\/www.europesays.com\/fr\/wp-json\/wp\/v2\/categories?post=143191"},{"taxonomy":"post_tag","embeddable":true,"href":"https:\/\/www.europesays.com\/fr\/wp-json\/wp\/v2\/tags?post=143191"}],"curies":[{"name":"wp","href":"https:\/\/api.w.org\/{rel}","templated":true}]}}