{"id":143195,"date":"2025-06-01T04:17:18","date_gmt":"2025-06-01T04:17:18","guid":{"rendered":"https:\/\/www.europesays.com\/fr\/143195\/"},"modified":"2025-06-01T04:17:18","modified_gmt":"2025-06-01T04:17:18","slug":"le-programme-complet-du-week-end","status":"publish","type":"post","link":"https:\/\/www.europesays.com\/fr\/143195\/","title":{"rendered":"le programme complet du week-end"},"content":{"rendered":"<p>\t\t\t<strong class=\"post-excerpt\"><\/p>\n<p itemprop=\"description\">Retrouvez le programme complet du Grand Prix d&rsquo;Espagne, la cinqui\u00e8me \u00e9tape du Championnat du monde de MotoGP 2025 disput\u00e9e sur le circuit de Jerez, avec les horaires TV pour la France.<\/p>\n<p><\/strong>\t\t<\/p>\n<p>Le <a href=\"https:\/\/www.sportauto.fr\/motogp\/motogp-austin-2025-bmw-m5-safety-car-termine-dans-rails-video-430443.html#item=1\" target=\"_blank\" rel=\"noopener nofollow\"><strong>MotoGP<\/strong><\/a> met le cap sur l&rsquo;Espagne pour sa <strong>cinqui\u00e8me manche 2025<\/strong> sur le circuit de<strong> Jerez.<\/strong><\/p>\n<p>   \t\t\t MotoGP 2025 : premi\u00e8re escapade en Espagne <\/p>\n<p>La campagne 2025 du<strong> Championnat du monde de MotoGP<\/strong> fait \u00e9tape pour la premi\u00e8re fois de l&rsquo;ann\u00e9e en <strong>terre espagnole<\/strong>. Rien que cette saison, la discipline-reine du deux-roues se produit \u00e0 <strong>quatre reprises en Espagne<\/strong> avec, dans un premier temps,\u00a0le <strong>Grand Prix national<\/strong> de ce week-end disput\u00e9 sur le<strong> Circuito de Jerez,<\/strong> <a href=\"https:\/\/www.sportauto.fr\/motogp\/motogp-circuit-jerez-espagne-inondations-428892.html#item=1\" target=\"_blank\" rel=\"noopener nofollow\">touch\u00e9 par des inondations en Andalousie<\/a>, mais aussi une \u00e9preuve sur le circuit du<strong> Motorland Aragon<\/strong>, et des manches sur les trac\u00e9s de <strong>Barcelona-Catalunya <\/strong>et <strong>Valencia<\/strong>.<br \/>Apr\u00e8s quatre courses, le <strong>multiple Champion du monde <a href=\"https:\/\/www.sportauto.fr\/motogp\/marc-marquez-va-tout-gagner-ducati-motogp-2025-423638.html#item=1\" target=\"_blank\" rel=\"noopener nofollow\">Marc Marquez<\/a><\/strong> (Ducati) m\u00e8ne la danse avec 93 points. L&rsquo;Espagnol pr\u00e9c\u00e8de de 17 points son compatriote <strong>Alex Marquez <\/strong>(KB8 Gresini).<br \/><strong>Trois Italiens<\/strong> leur donnent la chasse avec <strong>Francesco Bagnaia (Ducati),<\/strong> troisi\u00e8me avec 26 unit\u00e9s de retard, <strong>Franco Mordibelli<\/strong> (Pertamina Enduro VR46), quatri\u00e8me \u00e0 45 points, et <strong>Fabio Di Giannantonio <\/strong>(Pertamina Enduro VR46), cinqui\u00e8me \u00e0 75 points.<\/p>\n<p> GP d&rsquo;Espagne MotoGP 2025 : le programme du week-end <\/p>\n<p>Retrouvez ci-dessous le <strong>programme complet<\/strong> du <strong>Grand Prix d&rsquo;Espagne  MotoGP 2025. <\/strong>Comme pour chaque rendez-vous du mondial, toutes les s\u00e9ances du week-end seront diffus\u00e9es sur <strong>Canal+ Sport 360<\/strong>, de m\u00eame que le<strong> Sprint MotoGP<\/strong> et les courses du dimanche en<strong> Moto2<\/strong> et<strong> Moto3.<\/strong>\u00a0<strong>Canal+<\/strong> diffusera le <strong>Grand Prix de MotoGP.\u00a0<\/strong>La cinqui\u00e8me manche du <strong><a href=\"https:\/\/www.sportauto.fr\/motogp\/marc-marquez-championnat-motogp-2025-429591.html#item=1\" target=\"_blank\" rel=\"noopener nofollow\">MotoGP<\/a> 2025<\/strong> sera \u00e9galement retransmise sur <strong>RTBF Auvio.<\/strong><\/p>\n<p> Vendredi 25 avril 2025 <\/p>\n<ul>\n<li>09h00 &#8211; 09h35 : Essais Libres 1 Moto3<\/li>\n<li>09h50 &#8211; 10h30 : Essais Libres 1 Moto2<\/li>\n<li><strong>10h45 &#8211; 11h30 : Essais Libres 1 MotoGP<\/strong><\/li>\n<li>13h15 &#8211; 13h50 : Essais Moto3<\/li>\n<li>14h05 &#8211; 14h45 : Essais Moto2<\/li>\n<li><strong>15h00 &#8211; 16h00 : Essais MotoGP<\/strong><\/li>\n<\/ul>\n<p> Samedi 26 avril 2025 <\/p>\n<ul>\n<li>08h40 &#8211; 09h10 : Essais Libres 2 Moto3<\/li>\n<li>09h25 &#8211; 09h55 : Essais Libres 2 Moto2<\/li>\n<li><strong>10h10 &#8211; 10h40 : Essais Libres 2 MotoGP<\/strong><\/li>\n<li><strong>10h50 &#8211; 11h05 : Qualifications 1 MotoGP<\/strong><\/li>\n<li><strong>11h15 &#8211; 11h30 : Qualifications 2 MotoGP<\/strong><\/li>\n<li>12h50 &#8211; 13h05 : Qualifications 1 Moto3<\/li>\n<li>13h15 &#8211; 13h30 : Qualifications 2 Moto3<\/li>\n<li>13h45 &#8211; 14h00 : Qualifications 1 Moto2<\/li>\n<li>14h10 &#8211; 14h25 : Qualifications 2 Moto2<\/li>\n<li><strong>15h00 : Sprint (12 tours)<\/strong><\/li>\n<\/ul>\n<p> Dimanche 27 avril 2025 <\/p>\n<ul>\n<li><strong>09h40 &#8211; 09h50 : Warm-up MotoGP<\/strong><\/li>\n<li>11h00 : Course Moto3 (19 tours)<\/li>\n<li>12h15 : Course Moto2 (21 tours)<\/li>\n<li>14h00 : <strong>Grand Prix d&rsquo;Espagne MotoGP 2025 (25 tours)<\/strong><\/li>\n<\/ul>\n","protected":false},"excerpt":{"rendered":"Retrouvez le programme complet du Grand Prix d&rsquo;Espagne, la cinqui\u00e8me \u00e9tape du Championnat du monde de MotoGP 2025&hellip;\n","protected":false},"author":2,"featured_media":143196,"comment_status":"","ping_status":"","sticky":false,"template":"","format":"standard","meta":{"footnotes":""},"categories":[1413],"tags":[1011,27,1638,1457,1456,60],"class_list":{"0":"post-143195","1":"post","2":"type-post","3":"status-publish","4":"format-standard","5":"has-post-thumbnail","7":"category-moto","8":"tag-fr","9":"tag-france","10":"tag-has_diapo","11":"tag-moto","12":"tag-motocycle","13":"tag-sports"},"share_on_mastodon":{"url":"https:\/\/pubeurope.com\/@fr\/114606181157556792","error":""},"_links":{"self":[{"href":"https:\/\/www.europesays.com\/fr\/wp-json\/wp\/v2\/posts\/143195","targetHints":{"allow":["GET"]}}],"collection":[{"href":"https:\/\/www.europesays.com\/fr\/wp-json\/wp\/v2\/posts"}],"about":[{"href":"https:\/\/www.europesays.com\/fr\/wp-json\/wp\/v2\/types\/post"}],"author":[{"embeddable":true,"href":"https:\/\/www.europesays.com\/fr\/wp-json\/wp\/v2\/users\/2"}],"replies":[{"embeddable":true,"href":"https:\/\/www.europesays.com\/fr\/wp-json\/wp\/v2\/comments?post=143195"}],"version-history":[{"count":0,"href":"https:\/\/www.europesays.com\/fr\/wp-json\/wp\/v2\/posts\/143195\/revisions"}],"wp:featuredmedia":[{"embeddable":true,"href":"https:\/\/www.europesays.com\/fr\/wp-json\/wp\/v2\/media\/143196"}],"wp:attachment":[{"href":"https:\/\/www.europesays.com\/fr\/wp-json\/wp\/v2\/media?parent=143195"}],"wp:term":[{"taxonomy":"category","embeddable":true,"href":"https:\/\/www.europesays.com\/fr\/wp-json\/wp\/v2\/categories?post=143195"},{"taxonomy":"post_tag","embeddable":true,"href":"https:\/\/www.europesays.com\/fr\/wp-json\/wp\/v2\/tags?post=143195"}],"curies":[{"name":"wp","href":"https:\/\/api.w.org\/{rel}","templated":true}]}}