{"id":143221,"date":"2025-06-01T04:32:09","date_gmt":"2025-06-01T04:32:09","guid":{"rendered":"https:\/\/www.europesays.com\/fr\/143221\/"},"modified":"2025-06-01T04:32:09","modified_gmt":"2025-06-01T04:32:09","slug":"linde-confirme-la-perte-dau-moins-un-avion-de-combat","status":"publish","type":"post","link":"https:\/\/www.europesays.com\/fr\/143221\/","title":{"rendered":"l&rsquo;Inde confirme la perte d&rsquo;au moins un avion de combat"},"content":{"rendered":"<p>Pr\u00e8s d&rsquo;un mois apr\u00e8s le raid a\u00e9rien r\u00e9ussi de l&rsquo;Inde dans le ciel pakistano-indien, New Delhi a confirm\u00e9 officiellement la perte d&rsquo;un avion de combat sans pr\u00e9ciser le mod\u00e8le. Dans un entretien accord\u00e9 \u00e0 Bloomberg TV, le chef d&rsquo;\u00e9tat-major de  le d\u00e9fense (CEMD),\u00a0le g\u00e9n\u00e9ral Anil Chauhan, a indiqu\u00e9 samedi que l&rsquo;Inde avait perdu au moins un avion lors du bref mais violent affrontement a\u00e9rien contre les forces pakistanaises. Ce duel programm\u00e9 aurait oppos\u00e9 au total une centaine d&rsquo;appareils indiens et pakistanais, selon nos informations. Mais les avions indiens n&rsquo;auraient pas p\u00e9n\u00e9tr\u00e9 l&rsquo;espace a\u00e9rien ennemi, tirant des missiles de croisi\u00e8re Scalp, qui auraient atteint leur cible. Ce raid serait l&rsquo;une des plus grandes batailles a\u00e9riennes depuis la fin de la Seconde Guerre Mondiale.<\/p>\n","protected":false},"excerpt":{"rendered":"Pr\u00e8s d&rsquo;un mois apr\u00e8s le raid a\u00e9rien r\u00e9ussi de l&rsquo;Inde dans le ciel pakistano-indien, New Delhi a confirm\u00e9&hellip;\n","protected":false},"author":2,"featured_media":143222,"comment_status":"","ping_status":"","sticky":false,"template":"","format":"standard","meta":{"footnotes":""},"categories":[5],"tags":[17,11,7675,8845,1444,645,1011,27,14,15826,12,14488,16565,8989,28],"class_list":{"0":"post-143221","1":"post","2":"type-post","3":"status-publish","4":"format-standard","5":"has-post-thumbnail","7":"category-international","8":"tag-17","9":"tag-actualites","10":"tag-aerien","11":"tag-confirme","12":"tag-contre","13":"tag-entreprises-finance","14":"tag-fr","15":"tag-france","16":"tag-international","17":"tag-linde","18":"tag-news","19":"tag-pakistan","20":"tag-perte","21":"tag-raid","22":"tag-world"},"share_on_mastodon":{"url":"https:\/\/pubeurope.com\/@fr\/114606240151329833","error":""},"_links":{"self":[{"href":"https:\/\/www.europesays.com\/fr\/wp-json\/wp\/v2\/posts\/143221","targetHints":{"allow":["GET"]}}],"collection":[{"href":"https:\/\/www.europesays.com\/fr\/wp-json\/wp\/v2\/posts"}],"about":[{"href":"https:\/\/www.europesays.com\/fr\/wp-json\/wp\/v2\/types\/post"}],"author":[{"embeddable":true,"href":"https:\/\/www.europesays.com\/fr\/wp-json\/wp\/v2\/users\/2"}],"replies":[{"embeddable":true,"href":"https:\/\/www.europesays.com\/fr\/wp-json\/wp\/v2\/comments?post=143221"}],"version-history":[{"count":0,"href":"https:\/\/www.europesays.com\/fr\/wp-json\/wp\/v2\/posts\/143221\/revisions"}],"wp:featuredmedia":[{"embeddable":true,"href":"https:\/\/www.europesays.com\/fr\/wp-json\/wp\/v2\/media\/143222"}],"wp:attachment":[{"href":"https:\/\/www.europesays.com\/fr\/wp-json\/wp\/v2\/media?parent=143221"}],"wp:term":[{"taxonomy":"category","embeddable":true,"href":"https:\/\/www.europesays.com\/fr\/wp-json\/wp\/v2\/categories?post=143221"},{"taxonomy":"post_tag","embeddable":true,"href":"https:\/\/www.europesays.com\/fr\/wp-json\/wp\/v2\/tags?post=143221"}],"curies":[{"name":"wp","href":"https:\/\/api.w.org\/{rel}","templated":true}]}}