{"id":143225,"date":"2025-06-01T04:35:14","date_gmt":"2025-06-01T04:35:14","guid":{"rendered":"https:\/\/www.europesays.com\/fr\/143225\/"},"modified":"2025-06-01T04:35:14","modified_gmt":"2025-06-01T04:35:14","slug":"firminy-humidite-problemes-daccessibilite-pourquoi-leglise-saint-firmin-est-moins-utilisee","status":"publish","type":"post","link":"https:\/\/www.europesays.com\/fr\/143225\/","title":{"rendered":"Firminy. Humidit\u00e9, probl\u00e8mes d\u2019accessibilit\u00e9\u2026 Pourquoi l\u2019\u00e9glise Saint-Firmin est moins utilis\u00e9e"},"content":{"rendered":"<blockquote class=\"question\"><p>Depuis quand l\u2019\u00e9glise Saint-Firmin est-elle \u201cd\u00e9laiss\u00e9e\u201d au profit de Notre-Dame-du-Mas\u00a0?<\/p><\/blockquote>\n<p>\u00ab\u00a0Le premier dimanche du mois, la messe est \u00e0 Saint-Pierre. Sinon, celles du dimanche ont le m\u00eame rythme qu\u2019avant \u00e0 Saint-Firmin. Ce sont surtout les fun\u00e9railles qu\u2019on a r\u00e9duites. C\u2019est d\u2019abord d\u00fb \u00e0 une question d\u2019accessibilit\u00e9. On a la chance d\u2019avoir deux\u00a0vastes \u00e9glises \u00e0 Firminy. D\u00e9j\u00e0, avant que j\u2019arrive, le jeudi, avec le march\u00e9, il n\u2019y avait plus de fun\u00e9railles \u00e0 Saint-Firmin. Ce n\u2019est pas facile pour les pompes fun\u00e8bres d\u2019acc\u00e9der \u00e0 l\u2019\u00e9glise, et pour les gens de se garer.\u00a0\u00bb<\/p>\n<p>\u00ab\u00a0C\u2019est plus pratique au Mas, c\u2019est de plain-pied\u00a0\u00bb<\/p>\n<p>\u00ab\u00a0Pour les autres jours, on s\u2019est rendu compte assez vite&#8230;<\/p>\n","protected":false},"excerpt":{"rendered":"Depuis quand l\u2019\u00e9glise Saint-Firmin est-elle \u201cd\u00e9laiss\u00e9e\u201d au profit de Notre-Dame-du-Mas\u00a0? \u00ab\u00a0Le premier dimanche du mois, la messe est&hellip;\n","protected":false},"author":2,"featured_media":143226,"comment_status":"","ping_status":"","sticky":false,"template":"","format":"standard","meta":{"footnotes":""},"categories":[9653],"tags":[1111,11,2430,7539,1777,674,10282,10283,1011,27,12,5889,25,4001,104],"class_list":{"0":"post-143225","1":"post","2":"type-post","3":"status-publish","4":"format-standard","5":"has-post-thumbnail","7":"category-saint-etienne","8":"tag-actu","9":"tag-actualites","10":"tag-auvergne-rhone-alpes","11":"tag-edition-loire-sud","12":"tag-eu","13":"tag-europe","14":"tag-firminy","15":"tag-firminy-ville","16":"tag-fr","17":"tag-france","18":"tag-news","19":"tag-religion-croyance","20":"tag-republique-francaise","21":"tag-saint-etienne","22":"tag-societe"},"share_on_mastodon":{"url":"https:\/\/pubeurope.com\/@fr\/114606251902405896","error":""},"_links":{"self":[{"href":"https:\/\/www.europesays.com\/fr\/wp-json\/wp\/v2\/posts\/143225","targetHints":{"allow":["GET"]}}],"collection":[{"href":"https:\/\/www.europesays.com\/fr\/wp-json\/wp\/v2\/posts"}],"about":[{"href":"https:\/\/www.europesays.com\/fr\/wp-json\/wp\/v2\/types\/post"}],"author":[{"embeddable":true,"href":"https:\/\/www.europesays.com\/fr\/wp-json\/wp\/v2\/users\/2"}],"replies":[{"embeddable":true,"href":"https:\/\/www.europesays.com\/fr\/wp-json\/wp\/v2\/comments?post=143225"}],"version-history":[{"count":0,"href":"https:\/\/www.europesays.com\/fr\/wp-json\/wp\/v2\/posts\/143225\/revisions"}],"wp:featuredmedia":[{"embeddable":true,"href":"https:\/\/www.europesays.com\/fr\/wp-json\/wp\/v2\/media\/143226"}],"wp:attachment":[{"href":"https:\/\/www.europesays.com\/fr\/wp-json\/wp\/v2\/media?parent=143225"}],"wp:term":[{"taxonomy":"category","embeddable":true,"href":"https:\/\/www.europesays.com\/fr\/wp-json\/wp\/v2\/categories?post=143225"},{"taxonomy":"post_tag","embeddable":true,"href":"https:\/\/www.europesays.com\/fr\/wp-json\/wp\/v2\/tags?post=143225"}],"curies":[{"name":"wp","href":"https:\/\/api.w.org\/{rel}","templated":true}]}}