{"id":143229,"date":"2025-06-01T04:37:19","date_gmt":"2025-06-01T04:37:19","guid":{"rendered":"https:\/\/www.europesays.com\/fr\/143229\/"},"modified":"2025-06-01T04:37:19","modified_gmt":"2025-06-01T04:37:19","slug":"laneuvelotte-travaux-de-maintenance-route-de-laitre-2","status":"publish","type":"post","link":"https:\/\/www.europesays.com\/fr\/143229\/","title":{"rendered":"Laneuvelotte. Travaux de maintenance route de La\u00eetre"},"content":{"rendered":"<p>Sur la route de La\u00eetre, la communaut\u00e9 de communes de Seille et Grand Couronn\u00e9 vient de proc\u00e9der au remplacement d\u2019une plaque d\u2019\u00e9gout par un syst\u00e8me avec v\u00e9rins permettant un acc\u00e8s plus facile aux pompes des postes de relevage. L\u2019op\u00e9ration a \u00e9t\u00e9 men\u00e9e par la soci\u00e9t\u00e9 Install Pompe France, localis\u00e9e \u00e0 Flavigny-sur-Moselle, sous le regard de C\u00e9line Deubel, technicienne assainissement. La plaque d\u2019\u00e9gout effondr\u00e9e au milieu du carrefour entre la route de La\u00eetre et la Grande Rue devra \u00eatre \u00e9galement remplac\u00e9e. Un \u00e9tat des lieux a \u00e9t\u00e9 fait chemin des Sablons sur une autre plaque posant probl\u00e8me.<\/p>\n","protected":false},"excerpt":{"rendered":"Sur la route de La\u00eetre, la communaut\u00e9 de communes de Seille et Grand Couronn\u00e9 vient de proc\u00e9der au&hellip;\n","protected":false},"author":2,"featured_media":142341,"comment_status":"","ping_status":"","sticky":false,"template":"","format":"standard","meta":{"footnotes":""},"categories":[9635],"tags":[1111,11,4749,12080,33,1704,1777,674,1011,27,775,13793,1702,12,25],"class_list":{"0":"post-143229","1":"post","2":"type-post","3":"status-publish","4":"format-standard","5":"has-post-thumbnail","7":"category-nancy","8":"tag-actu","9":"tag-actualites","10":"tag-btp-et-chantiers","11":"tag-cc-de-seille-et-grand-couronne-54b","12":"tag-economie","13":"tag-edition-nancy-et-agglomeration","14":"tag-eu","15":"tag-europe","16":"tag-fr","17":"tag-france","18":"tag-grand-est","19":"tag-laneuvelotte","20":"tag-nancy","21":"tag-news","22":"tag-republique-francaise"},"share_on_mastodon":{"url":"https:\/\/pubeurope.com\/@fr\/114606259765572862","error":""},"_links":{"self":[{"href":"https:\/\/www.europesays.com\/fr\/wp-json\/wp\/v2\/posts\/143229","targetHints":{"allow":["GET"]}}],"collection":[{"href":"https:\/\/www.europesays.com\/fr\/wp-json\/wp\/v2\/posts"}],"about":[{"href":"https:\/\/www.europesays.com\/fr\/wp-json\/wp\/v2\/types\/post"}],"author":[{"embeddable":true,"href":"https:\/\/www.europesays.com\/fr\/wp-json\/wp\/v2\/users\/2"}],"replies":[{"embeddable":true,"href":"https:\/\/www.europesays.com\/fr\/wp-json\/wp\/v2\/comments?post=143229"}],"version-history":[{"count":0,"href":"https:\/\/www.europesays.com\/fr\/wp-json\/wp\/v2\/posts\/143229\/revisions"}],"wp:featuredmedia":[{"embeddable":true,"href":"https:\/\/www.europesays.com\/fr\/wp-json\/wp\/v2\/media\/142341"}],"wp:attachment":[{"href":"https:\/\/www.europesays.com\/fr\/wp-json\/wp\/v2\/media?parent=143229"}],"wp:term":[{"taxonomy":"category","embeddable":true,"href":"https:\/\/www.europesays.com\/fr\/wp-json\/wp\/v2\/categories?post=143229"},{"taxonomy":"post_tag","embeddable":true,"href":"https:\/\/www.europesays.com\/fr\/wp-json\/wp\/v2\/tags?post=143229"}],"curies":[{"name":"wp","href":"https:\/\/api.w.org\/{rel}","templated":true}]}}