{"id":143230,"date":"2025-06-01T04:38:45","date_gmt":"2025-06-01T04:38:45","guid":{"rendered":"https:\/\/www.europesays.com\/fr\/143230\/"},"modified":"2025-06-01T04:38:45","modified_gmt":"2025-06-01T04:38:45","slug":"les-patients-de-linstitut-regional-de-readaptation-sy-confrontent","status":"publish","type":"post","link":"https:\/\/www.europesays.com\/fr\/143230\/","title":{"rendered":"les patients de l\u2019institut r\u00e9gional de r\u00e9adaptation s\u2019y confrontent"},"content":{"rendered":"<p>Un mercredi du mois de mai au centre de m\u00e9decine physique et de r\u00e9adaptation neurologique \u00e0 Lay-Saint-Christophe. Rendez-vous a \u00e9t\u00e9 pris pour aborder la question des handicaps invisibles, ces handicaps li\u00e9s \u00e0 des maladies invalidantes, des troubles cognitifs, sensoriels ou encore comportementaux. Ces troubles, qui ne se remarquent pas \u00e0 premi\u00e8re vue, toucheraient pr\u00e8s de dix millions de personnes en France.<\/p>\n<p>\u00ab\u00a0Les handicaps invisibles, la partie immerg\u00e9e de l\u2019iceberg\u00a0\u00bb<\/p>\n<p>Afin de recueillir l\u2019exp\u00e9rience d\u2019un patient, on s\u2019entretient avec Ga\u00eblle, une trentenaire nanc\u00e9ienne qui souffre de diff\u00e9rents troubles apr\u00e8s avoir \u00e9t\u00e9 op\u00e9r\u00e9e il y a un an d\u2019un kyste au cerveau. \u00ab\u00a0Je rencontre des difficult\u00e9s dans plusieurs domaines, la m\u00e9moire, le langage. J\u2019ai des fatigues intenses suite \u00e0 certaines choses que je dois faire\u2026 des troubles de l\u2019\u00e9quilibre, des troubles vestibulaires li\u00e9s \u00e0 mon op\u00e9ration\u00a0\u00bb, d\u00e9taille-t-elle dans le bureau de l\u2019orthophoniste qui la suit.<\/p>\n<p>Le tableau des troubles rencontr\u00e9s est&#8230;<\/p>\n","protected":false},"excerpt":{"rendered":"Un mercredi du mois de mai au centre de m\u00e9decine physique et de r\u00e9adaptation neurologique \u00e0 Lay-Saint-Christophe. Rendez-vous&hellip;\n","protected":false},"author":2,"featured_media":143231,"comment_status":"","ping_status":"","sticky":false,"template":"","format":"standard","meta":{"footnotes":""},"categories":[9635],"tags":[1111,11,13561,1707,1704,1706,1705,1777,674,1011,27,775,27128,3457,1702,12,25,71,133],"class_list":{"0":"post-143230","1":"post","2":"type-post","3":"status-publish","4":"format-standard","5":"has-post-thumbnail","7":"category-nancy","8":"tag-actu","9":"tag-actualites","10":"tag-cc-du-bassin-de-pompey-54b2","11":"tag-edition-luneville","12":"tag-edition-nancy-et-agglomeration","13":"tag-edition-pont-a-mousson","14":"tag-edition-toul","15":"tag-eu","16":"tag-europe","17":"tag-fr","18":"tag-france","19":"tag-grand-est","20":"tag-lay-saint-christophe","21":"tag-meurthe-et-moselle","22":"tag-nancy","23":"tag-news","24":"tag-republique-francaise","25":"tag-sante","26":"tag-video"},"share_on_mastodon":{"url":"https:\/\/pubeurope.com\/@fr\/114606263685711060","error":""},"_links":{"self":[{"href":"https:\/\/www.europesays.com\/fr\/wp-json\/wp\/v2\/posts\/143230","targetHints":{"allow":["GET"]}}],"collection":[{"href":"https:\/\/www.europesays.com\/fr\/wp-json\/wp\/v2\/posts"}],"about":[{"href":"https:\/\/www.europesays.com\/fr\/wp-json\/wp\/v2\/types\/post"}],"author":[{"embeddable":true,"href":"https:\/\/www.europesays.com\/fr\/wp-json\/wp\/v2\/users\/2"}],"replies":[{"embeddable":true,"href":"https:\/\/www.europesays.com\/fr\/wp-json\/wp\/v2\/comments?post=143230"}],"version-history":[{"count":0,"href":"https:\/\/www.europesays.com\/fr\/wp-json\/wp\/v2\/posts\/143230\/revisions"}],"wp:featuredmedia":[{"embeddable":true,"href":"https:\/\/www.europesays.com\/fr\/wp-json\/wp\/v2\/media\/143231"}],"wp:attachment":[{"href":"https:\/\/www.europesays.com\/fr\/wp-json\/wp\/v2\/media?parent=143230"}],"wp:term":[{"taxonomy":"category","embeddable":true,"href":"https:\/\/www.europesays.com\/fr\/wp-json\/wp\/v2\/categories?post=143230"},{"taxonomy":"post_tag","embeddable":true,"href":"https:\/\/www.europesays.com\/fr\/wp-json\/wp\/v2\/tags?post=143230"}],"curies":[{"name":"wp","href":"https:\/\/api.w.org\/{rel}","templated":true}]}}