{"id":143238,"date":"2025-06-01T04:45:22","date_gmt":"2025-06-01T04:45:22","guid":{"rendered":"https:\/\/www.europesays.com\/fr\/143238\/"},"modified":"2025-06-01T04:45:22","modified_gmt":"2025-06-01T04:45:22","slug":"la-gauche-qui-agit-un-nouveau-groupe-qui-change-la-donne-municipale","status":"publish","type":"post","link":"https:\/\/www.europesays.com\/fr\/143238\/","title":{"rendered":"\u00ab\u00a0LA GAUCHE QUI AGIT\u00a0\u00bb, UN NOUVEAU GROUPE QUI CHANGE LA DONNE MUNICIPALE"},"content":{"rendered":"<p>Posted On 1 juin 2025 <\/p>\n<p style=\"text-align: justify;\">Ils sont tr\u00e8s critiques sur les ann\u00e9es de gestion des Rouge\/verts grenoblois. Ils ne pardonnent pas l&rsquo;abandon des quartiers, des plus pr\u00e9caires et le massacre du socio-culturel. Ils appartiennent authentiquement, sinc\u00e8rement \u00e0 la gauche. Mais ils d\u00e9plorent \u00ab\u00a0l&rsquo;abandon des valeurs de la gauche\u00a0\u00bb dans la gestion municipale. Anouchka Michard, Rdija Sahiri et Herv\u00e9 Pr\u00e9vitali \u00e9taient <a href=\"https:\/\/grenoble-le-changement.fr\/2025\/05\/16\/les-forces-vives-de-grenoble-sengagent-pour-le-changement-avec-alain-carignon\/\" target=\"_blank\" rel=\"noopener\">hier aux c\u00f4t\u00e9s de Cl\u00e9ment Chappet (\u00ab\u00a0R\u00e9concilier Grenoble\u00a0\u00bb)<\/a> pour annoncer la formation d&rsquo;un groupe \u00ab\u00a0la gauche qui agit\u00a0\u00bb.<\/p>\n<p><a href=\"https:\/\/i2.wp.com\/grenoble-le-changement.fr\/wp-content\/uploads\/2025\/05\/PHOTO-2025-05-31-11-05-07.jpg?ssl=1\" rel=\"lightbox[82332] noopener\" target=\"_blank\"><img decoding=\"async\" data-id=\"82333\" src=\"https:\/\/i2.wp.com\/grenoble-le-changement.fr\/wp-content\/uploads\/2025\/05\/PHOTO-2025-05-31-11-05-07.jpg?resize=678%2C686&amp;ssl=1\" alt=\"\" class=\"wp-image-82333 jetpack-lazy-image\" data-recalc-dims=\"1\" data-lazy-src=\"https:\/\/www.europesays.com\/fr\/wp-content\/uploads\/2025\/06\/PHOTO-2025-05-31-11-05-07.jpg\" \/><\/a><br \/>\nCl\u00e9ment Chappet, Rdija Sahiri, Herv\u00e9 Pr\u00e9vitali, Anouchka Michard : \u00ab\u00a0la gauche qui agit\u00a0\u00bb <\/p>\n<p><strong>ILS ONT V\u00c9CU DOULOUREUSEMENT LES D\u00c9SILLUSIONS DE LA POLITIQUE MUNICIPALE<\/strong><\/p>\n<p style=\"text-align: justify;\">Ces militants engag\u00e9s dans l&rsquo;habitat social, la solidarit\u00e9, les quartiers ont fait confiance \u00e0 cette gauche \u00e0 son arriv\u00e9e en 2014. Ils ont v\u00e9cu douloureusement les d\u00e9sillusions de sa politique, autant dans la forme que dans le fond. D&rsquo;abord incr\u00e9dules, pensant \u00e0 des incompr\u00e9hensions, ils ont cherch\u00e9 \u00e0 intervenir, \u00e0 soutenir des projets, \u00e0 alerter ceux qui &#8211; croyaient-ils &#8211; partageaient la m\u00eame philosophie politique.\u00a0<\/p>\n<p style=\"text-align: justify;\"><strong>ILS ONT D\u00c9COUVERT DES \u00c9LUS BRUTAUX, M\u00c9PRISANTS<\/strong><\/p>\n<p style=\"text-align: justify;\">Au fil du temps ils ont d\u00e9couvert des \u00e9lus brutaux, enferm\u00e9s dans leur certitudes, incapables de pragmatisme ou de simple \u00e9coute ou compr\u00e9hension. Les \u00e9l\u00e9ments factuels se sont accumul\u00e9s\u00a0 amenant Ces acteurs de la vie sociale \u00e0 comprendre qu&rsquo;ils \u00e9taient trahis. Profond\u00e9ment trahis.\u00a0<\/p>\n<p style=\"text-align: justify;\"><strong>UN TRISTE RESSENTI, UNE VOLONT\u00c9 DE NE PAS BAISSER LES BRAS<\/strong><\/p>\n<p style=\"text-align: justify;\">Anouchka Michard, ancienne responsable de la Papoth\u00e8que, au Lys Rouge, et travailleuse sociale, Rdija Sahiri militante associative dans les quartiers populaires, Herv\u00e9 Pr\u00e9vitali directeur artistique, apr\u00e8s Pierre Pavy, personnalit\u00e9 embl\u00e9matique de la solidarit\u00e9, ex soutien de Piolle, ont exprim\u00e9 hier aux c\u00f4t\u00e9s de Cl\u00e9ment Chappet leur ressenti et leur volont\u00e9 de ne pas baisser les bras.<\/p>\n<p style=\"text-align: justify;\"><strong>ILS N&rsquo;ONT PAS PARDONN\u00c9 SA POLITIQUE ANTI SOCIALE \u00c0 LA MUNICIPALIT\u00c9<\/strong><\/p>\n<p style=\"text-align: justify;\">Ils n&rsquo;ont pas pardonn\u00e9 la fermeture de toutes les structures d\u2019\u00e9ducation populaire du sud de la ville : Le Plateau \u00e0 Mistral, La Papoth\u00e8que au Lys Rouge, la MJC Pr\u00e9mol au Village Olympique, La Cord\u00e9e \u00e0 Villeneuve, la piscine Iris, la fermeture du lac \u00e0 venir\u2026 Les expulsions de sans-papiers \u00e0 l\u2019Abbaye apr\u00e8s leur avoir coup\u00e9 l\u2019eau et le chau\ufb00age en plein hiver, l&rsquo;augmentation massive des charges des locataires Actis en QPV.<\/p>\n<p><img decoding=\"async\" data-id=\"73464\" src=\"https:\/\/i1.wp.com\/grenoble-le-changement.fr\/wp-content\/uploads\/2024\/05\/ASMD-Judo-Plateau-Mistral-1.jpg?w=678&amp;ssl=1\" alt=\"\" class=\"wp-image-73464 jetpack-lazy-image\" data-recalc-dims=\"1\" data-lazy-src=\"https:\/\/www.europesays.com\/fr\/wp-content\/uploads\/2025\/06\/ASMD-Judo-Plateau-Mistral-1.jpg\" \/><\/p>\n<p><img decoding=\"async\" data-id=\"76135\" src=\"https:\/\/i2.wp.com\/grenoble-le-changement.fr\/wp-content\/uploads\/2024\/09\/Premol-manif-place-GreNet.png?w=678&amp;ssl=1\" alt=\"\" class=\"wp-image-76135 jetpack-lazy-image\" data-recalc-dims=\"1\" data-lazy-src=\"https:\/\/www.europesays.com\/fr\/wp-content\/uploads\/2025\/06\/Premol-manif-place-GreNet.png\" \/><br \/>\nDevant le Plateau \u00e0 Mistral ferm\u00e9 (\u00e0 gauche) ; protestation au Village Olympique contre la fermeture de la MJC Pr\u00e9mol (\u00e0 droite) <\/p>\n<p><strong>D\u00c9CID\u00c9S \u00c0 NE PLUS SE LAISSER MANIPULER PAR UNE GAUCHE QUI LES TROMPE<\/strong><\/p>\n<p style=\"text-align: justify;\">Ces nouveaux intervenants ont d\u00e9cid\u00e9 de ne plus se faire manipuler par une gauche qui les trompe au sentiment en faisant l&rsquo;oppos\u00e9 de ce \u00e0 quoi ils aspirent en mati\u00e8re sociale. Ils rejettent les id\u00e9ologies qui divisent et qui fracturent. Ils ont pour objectif de r\u00e9aliser des projets, pas d&rsquo;en parler vaguement\u00a0sur un ton d\u00e9tach\u00e9, souvent hors sol. Ils entendent \u00eatre imm\u00e9diatement utiles en particulier aux accident\u00e9s de la vie. Sans attendre 2040.\u00a0<\/p>\n<p style=\"text-align: justify;\"><strong>H. N\u00c9CIB (Ex PS), DEMAIN GRENOBLE : \u00ab\u00a0UNE CONTINUE D\u00c9GRADATION DE NOTRE VILLE\u00a0\u00bb<\/strong><\/p>\n<p style=\"text-align: justify;\">Cette analyse est exprim\u00e9e par nombre d&rsquo;acteurs. Cette semaine, Hakima N\u00e9cib, Ancienne Adjointe (PS) au Maire Michel Destot, pr\u00e9sidente du collectif \u00ab\u00a0Demain Grenoble\u00a0\u00bb jugeait durement la municipalit\u00e9 dans un communiqu\u00e9 \u00e9voquant le \u00ab\u00a0<a href=\"https:\/\/grenoble-le-changement.fr\/2025\/05\/15\/les-collectifs-habitants-commercants-haussent-le-ton-contre-la-municipalite\/\" target=\"_blank\" rel=\"noopener\">profond malaise (qui) se mue d\u00e9sormais en col\u00e8re citoyenne,<\/a> il plonge ses racines dans une continue d\u00e9gradation de notre ville qu\u2019accompagne une d\u00e9rive autocratique de la majorit\u00e9 sortante\u00a0\u00bb. Pour elle\u00a0 le Maire\u00a0\u00bbest \u00ab\u00a0d\u00e9sormais un homme seul\u00a0\u00bb. Coup\u00e9 de tous les partenaires.\u00a0<\/p>\n<p style=\"text-align: justify;\"><strong>S. GEMMANI (PS) JUGE QUE C. CHAPPET A FAIT \u00ab\u00a0UN BON COUP\u00a0\u00bb<\/strong><\/p>\n<p class=\"p1\" style=\"text-align: justify;\">De son c\u00f4t\u00e9 St\u00e9phane Gemmani, Conseiller R\u00e9gional (PS), \u00e0 qui on ne peut faire tous les reproches, sauf <a href=\"https:\/\/grenoble-le-changement.fr\/testimonial\/s-gemmani-la-girouette-saffole\/\" target=\"_blank\" rel=\"noopener\">de m\u00e9connaitre le sens du vent<\/a>, a reconnu dans un d\u00e9bat avec S\u00e9bastien Mittelberger que le lancement du collectif par Cl\u00e9ment\u00a0 Chappet \u00ab\u00a0est un bon coup\u00a0\u00bb. Sauf qu&rsquo;il ne s&rsquo;agit pas d&rsquo;un coup mais d&rsquo;une d\u00e9marche en profondeur, bas\u00e9e sur un travail r\u00e9el, un partenariat et un respect mutuel. Tout le contraire des coups de com&rsquo; habituels, des fausses r\u00e9unions o\u00f9 il n&rsquo;y a personne&#8230;<\/p>\n<p><a href=\"https:\/\/i1.wp.com\/grenoble-le-changement.fr\/wp-content\/uploads\/2025\/05\/PHOTO-2025-05-31-11-09-32-copie.jpg?ssl=1\" rel=\"lightbox[82332] noopener\" target=\"_blank\"><img decoding=\"async\" data-id=\"82336\" src=\"https:\/\/i1.wp.com\/grenoble-le-changement.fr\/wp-content\/uploads\/2025\/05\/PHOTO-2025-05-31-11-09-32-copie.jpg?resize=678%2C904&amp;ssl=1\" alt=\"\" class=\"wp-image-82336 jetpack-lazy-image\" data-recalc-dims=\"1\" data-lazy-src=\"https:\/\/www.europesays.com\/fr\/wp-content\/uploads\/2025\/06\/PHOTO-2025-05-31-11-09-32-copie.jpg\" \/><\/a><\/p>\n<p><a href=\"https:\/\/i2.wp.com\/grenoble-le-changement.fr\/wp-content\/uploads\/2025\/05\/PHOTO-2025-05-31-11-09-32.jpg?ssl=1\" rel=\"lightbox[82332] noopener\" target=\"_blank\"><img decoding=\"async\" data-id=\"82335\" src=\"https:\/\/i2.wp.com\/grenoble-le-changement.fr\/wp-content\/uploads\/2025\/05\/PHOTO-2025-05-31-11-09-32.jpg?resize=678%2C904&amp;ssl=1\" alt=\"\" class=\"wp-image-82335 jetpack-lazy-image\" data-recalc-dims=\"1\" data-lazy-src=\"https:\/\/www.europesays.com\/fr\/wp-content\/uploads\/2025\/06\/PHOTO-2025-05-31-11-09-32.jpg\" \/><\/a><br \/>\nAnouchka Michard, \u00ab\u00a0la gauche qui agit\u00a0\u00bb, Cl\u00e9ment Chappet, \u00ab\u00a0R\u00e9concilier Grenoble\u00a0\u00bb : le souffle du changement \u00e0 Grenoble <\/p>\n<p><strong>S.GEMMANI : \u00a0\u00bb LA GAUCHE A FAILLI, CERTAINS ACTEURS SONT ALL\u00c9 VERS CARIGNON\u00a0\u00bb<\/strong><\/p>\n<p style=\"text-align: justify;\">Pour l&rsquo;\u00e9lu PS \u00a0\u00bb quand on voit certains acteurs de terrain qui ont rejoint Alain Carignon sur ce collectif (&#8230;) \u00e7a veut dire que la gauche a failli. Elle a failli au niveau municipal, au niveau m\u00e9tropolitain , n&rsquo;a pas \u00e9cout\u00e9 certains acteurs\u00a0 qui lass\u00e9s, d\u00e9\u00e7us sont all\u00e9 vers Alain Carignon \u00a0\u00bb .\u00a0<\/p>\n<p style=\"text-align: justify;\"><strong>LE SYST\u00c9ME LOCAL EXPLOSE DE L&rsquo;INT\u00c9RIEUR<\/strong><\/p>\n<p style=\"text-align: justify;\">Plus on avance, plus le Grenoble r\u00e9el monte au cr\u00e9neau y compris venant de la gauche . Le syst\u00e8me local qui se prot\u00e9geait derri\u00e8re cette \u00e9tiquette , se permettant\u00a0 tous les m\u00e9pris, tous les diktats , imposant son id\u00e9ologie , abandonnant les quartiers , est en train d&rsquo;exploser de l&rsquo;int\u00e9rieur.\u00a0<\/p>\n<p style=\"text-align: justify;\">Certes tous les acteurs n&rsquo;ont pas encore tir\u00e9 les cons\u00e9quences de cette faillite morale. Ils vont devoir choisir entre une \u00e9thique de conviction et la lamentable courses aux places dans un statut quo ind\u00e9fendable.<\/p>\n<p style=\"text-align: justify;\"><strong>A.GERMAIN ( PS) RAMASSE MIETTES de Laurence RUFFIN ( Verts\/LFI)\u00a0<\/strong><\/p>\n<p style=\"text-align: justify;\"><a href=\"https:\/\/grenoble-le-changement.fr\/2025\/05\/01\/amandine-germain-ps-deja-au-service-laurence-ruffin-verts\/\" target=\"_blank\" rel=\"noopener\">Amandine Germain , d\u00e9sign\u00e9e \u00ab\u00a0chef de file<\/a> \u00a0\u00bb du PS par 24 adh\u00e9rents du parti (!) , \u00e9lue d\u00e9pendante des Rouge\/verts au Conseil D\u00e9partemental, joue le r\u00f4le peu reluisant\u00a0<a href=\"https:\/\/grenoble-le-changement.fr\/2025\/05\/26\/scop-alma-que-fait-laurence-ruffin-verts-lfi-des-2-5-millions-d-e-de-resultats\/\" target=\"_blank\" rel=\"noopener\"> de ramasse miettes de Laurence Ruffin<\/a>, la candidate d\u00e9sign\u00e9e par Piolle pour continuer ce saccage de Grenoble.\u00a0 Son annonce selon laquelle les grenoblois doivent lui adresser des\u00a0 \u00a0\u00bb cartes postales \u00a0\u00bb\u00a0 pour leurs probl\u00e8mes est ridicule. Elle ne les connait pas les probl\u00e8mes?\u00a0\u00a0<\/p>\n<p style=\"text-align: justify;\"><strong>LES ACTEURS DE LA GAUCHE SONT D&rsquo;ACCORD SUR L&rsquo;ANALYSE<\/strong>\u00a0<\/p>\n<p style=\"text-align: justify;\"><a href=\"https:\/\/grenoble-le-changement.fr\/2025\/05\/25\/municipales-les-piollistes-se-vautrent-dans-lhypocrisie-et-loutrance\/\" target=\"_blank\" rel=\"noopener\">Tous les autres vont ils continuer \u00e0 faire semblant<\/a>? Les Pascal Clouaire, Romain Gentil et quelques autres. Aucun d&rsquo;entre eux ne fait intimement une autre analyse que toutes ces personnes de gauche. Le conformisme ou peut \u00eatre des int\u00e9r\u00eats de boutique les a emp\u00each\u00e9, jusque l\u00e0,\u00a0 de faire le pas que des acteurs de terrain accomplissent.\u00a0 Ils sont d\u00e9pass\u00e9s par ce qui \u00e9tait leur base. Ne pas le franchir serait trahir leur conviction.<\/p>\n<p style=\"text-align: justify;\"><strong>UN SPECTACLE QUI PEUT DONNER LA NAUS\u00c9E<\/strong><\/p>\n<p style=\"text-align: justify;\">Le spectacle que donne la gauche social-d\u00e9mocrate<a href=\"https:\/\/grenoble-le-changement.fr\/2024\/06\/21\/maxence-alloto-anatomie-dune-trompette\/\" target=\"_blank\" rel=\"noopener\"> avec un Maxence Alloto,<\/a> qui a incarn\u00e9 \u00ab\u00a0Place Publique \u00a0\u00bb de Glucksmann, dont l&rsquo;ADN est la rupture avec l&rsquo;extr\u00eame gauche, en plaidant pour des places aupr\u00e8s de&#8230; Laurence Ruffin, a de quoi donner la naus\u00e9e aux coeurs les plus solides.\u00a0 N&rsquo;oublions pas qu&rsquo;il a \u00e9t\u00e9 le collaborateur de Michel Destot, un de ceux qui ont abandonn\u00e9 le PS pour Piolle, avant d&rsquo;\u00eatre \u00e9ject\u00e9 par ce dernier et de vouloir rallier \u00e0 nouveau son \u00e9quipe ! Il y a maintenant deux groupes de deux personnes au Conseil Municipal se r\u00e9clamant de \u00a0\u00bb Place Publique\u00a0\u00bb&#8230; . Comment un \u00e9lecteur de gauche pourrait il encore faire confiance\u00a0 avec de tels comportements. Qui ne sont condamn\u00e9s par aucun acteur de la gauche&#8230; Ce n&rsquo;est pas la solidarit\u00e9 de classe, mais de postes.\u00a0<\/p>\n<p><a href=\"https:\/\/i2.wp.com\/grenoble-le-changement.fr\/wp-content\/uploads\/2025\/06\/Capture-de\u0301cran-2025-05-31-a\u0300-23.22.27.png?ssl=1\" rel=\"lightbox[82332] noopener\" target=\"_blank\"><img decoding=\"async\" data-id=\"82338\" src=\"https:\/\/i2.wp.com\/grenoble-le-changement.fr\/wp-content\/uploads\/2025\/06\/Capture-de\u0301cran-2025-05-31-a\u0300-23.22.27.png?resize=656%2C1024&amp;ssl=1\" alt=\"\" class=\"wp-image-82338 jetpack-lazy-image\" data-recalc-dims=\"1\" data-lazy-src=\"https:\/\/i2.wp.com\/grenoble-le-changement.fr\/wp-content\/uploads\/2025\/06\/Capture-de\u0301cran-2025-05-31-a\u0300-23.22.27.png?resize=656%2C1024&amp;is-pending-load=1#038;ssl=1\" \/><\/a><br \/>\nla t\u00eate de St\u00e9phane Gemmani , Conseiller R\u00e9gional PS ( \u00e0 droite sur la photo) pour le lancement ,en dit long de la ridicule op\u00e9ration \u00ab\u00a0carte postale \u00a0\u00bb d&rsquo;Amandine Germain ,dont tout le monde sait qu&rsquo;elle roule pour Laurence Ruffin, la candidate de Piolle<\/p>\n<p><strong>H.PR\u00c9VITALI : \u00a0\u00bb J&rsquo;AI TOUJOURS VOT\u00c9 \u00e0 GAUCHE, J&rsquo;AI VOT\u00c9 PIOLLE, JE SUIS D\u00c9GOUT\u00c9\u00a0\u00bb<\/strong><\/p>\n<p>Samedi matin \u00e0 la conf\u00e9rence de presse de \u00a0\u00bb la gauche en action\u00a0\u00bb , Herv\u00e9 Pr\u00e9vitali, directeur artistique actuellement au ch\u00f4mage, qui dit vivre avec 1 000 \u20ac par mois\u00a0 a expliqu\u00e9\u00a0 : \u00ab j\u2019ai toujours vot\u00e9 \u00e0 gauche, j\u2019ai vot\u00e9 pour \u00c9ric Piolle, mais c\u2019est fini ! Je suis d\u00e9gout\u00e9 par le dogmatisme de son \u00e9quipe qui ne nous respecte pas, l\u2019entre-soi de ces bobos \u00ab g\u00f4ches de riche \u00bb qui se moquent de nous, nous massacrent. Quand tu manifestes ta col\u00e8re, que tu penses d\u00e9fendre le bon sens en bas de chez toi, la majorit\u00e9 actuelle passe en force et te font passer pour le m\u00e9chant anti-d\u00e9mocrate \u00a0\u00bb \u2026<\/p>\n<p><strong>ILS ONT V\u00c9RIFI\u00c9 DANS LE TEMPS LES ENGAGEMENTS de CARIGNON<\/strong><\/p>\n<p>Anouchka Michard, Radija Sahiri, Herv\u00e9 Pr\u00e9vitali , Pierre Pavy ont v\u00e9rifi\u00e9 toutes ces ann\u00e9es les <a href=\"https:\/\/grenoble-le-changement.fr\/2025\/05\/24\/sondage-carignon-en-tete-de-lopposition-les-grenoblois-veulent-le-changement\/\" target=\"_blank\" rel=\"noopener\">engagements d&rsquo;Alain Carignon<\/a> dans leurs domaines de pr\u00e9dilection. Ses engagements sinc\u00e8res. Ils ont travaill\u00e9 avec Cl\u00e9ment Chappet et le collectif \u00a0\u00bb R\u00e9concilier Grenoble\u00a0\u00bb non pas en termes de \u00a0\u00bb coups\u00a0\u00bb , mais sur le fond, dans le respect mutuel. Celui des histoires de chacun, des fid\u00e9lit\u00e9s, des cultures, des volont\u00e9s d&rsquo;agir.\u00a0\u00a0<\/p>\n<p><strong>ILS VEULENT PASSER \u00e0 L&rsquo;OP\u00c9RATIONNEL, APPORTER DES SOLUTIONS<\/strong><\/p>\n<p>Pour eux il s&rsquo;agit de passer \u00e0 l&rsquo;op\u00e9rationnel , d&rsquo;apporter des solutions, de l&rsquo;imm\u00e9diatet\u00e9 m\u00eame apr\u00e8s ces ann\u00e9es de grandiloquence arrogante et d\u00e9sincarn\u00e9e qui a produit tant de recul social.\u00a0 Ils mesurent disposer de cette opportunit\u00e9 avec Alain Carignon et sont bien conscients que les autres discours ne seront que des discours. Dont ils paient l&rsquo;addition.\u00a0<\/p>\n<p>L&rsquo;apparition de la \u00a0\u00bb gauche en action \u00a0\u00bb sans pr\u00e9tention autre que d&rsquo;\u00eatre utile au bien collectif, que de faire passer sur la place publique un profond ressenti, que d&rsquo;apporter une parole authentiquement de gauche \u00e0 une \u00e9quipe qui sera bien plurielle, est une hirondelle qui fait le printemps. Par sa fra\u00eecheur, sa spontan\u00e9it\u00e9 , sa v\u00e9rit\u00e9 , elle fait bien plus qu&rsquo;une parole suppl\u00e9mentaire: elle change la donne.\u00a0<\/p>\n","protected":false},"excerpt":{"rendered":"Posted On 1 juin 2025 Ils sont tr\u00e8s critiques sur les ann\u00e9es de gestion des Rouge\/verts grenoblois. Ils&hellip;\n","protected":false},"author":2,"featured_media":143239,"comment_status":"","ping_status":"","sticky":false,"template":"","format":"standard","meta":{"footnotes":""},"categories":[9566],"tags":[1111,11,9601,14001,22024,2430,14755,9607,1777,674,1011,27,2731,24612,27129,10136,10614,12,9609,19254,4289,27130,14758,25,14009,27131,24615],"class_list":{"0":"post-143238","1":"post","2":"type-post","3":"status-publish","4":"format-standard","5":"has-post-thumbnail","7":"category-grenoble","8":"tag-actu","9":"tag-actualites","10":"tag-alain-carignon","11":"tag-amandine-germain","12":"tag-anouchka-michard","13":"tag-auvergne-rhone-alpes","14":"tag-clement-chappet","15":"tag-eric-piolle","16":"tag-eu","17":"tag-europe","18":"tag-fr","19":"tag-france","20":"tag-grenoble","21":"tag-hakima-necib","22":"tag-herve-previtali","23":"tag-laurence-ruffin","24":"tag-maxence-alloto","25":"tag-news","26":"tag-pascal-clouaire","27":"tag-pierre-pavy","28":"tag-place-publique","29":"tag-radija-sahiri","30":"tag-reconcilier-grenoble","31":"tag-republique-francaise","32":"tag-romain-gentil","33":"tag-sebastien-mittelberger","34":"tag-stephane-gemmani"},"share_on_mastodon":{"url":"https:\/\/pubeurope.com\/@fr\/114606291326533702","error":""},"_links":{"self":[{"href":"https:\/\/www.europesays.com\/fr\/wp-json\/wp\/v2\/posts\/143238","targetHints":{"allow":["GET"]}}],"collection":[{"href":"https:\/\/www.europesays.com\/fr\/wp-json\/wp\/v2\/posts"}],"about":[{"href":"https:\/\/www.europesays.com\/fr\/wp-json\/wp\/v2\/types\/post"}],"author":[{"embeddable":true,"href":"https:\/\/www.europesays.com\/fr\/wp-json\/wp\/v2\/users\/2"}],"replies":[{"embeddable":true,"href":"https:\/\/www.europesays.com\/fr\/wp-json\/wp\/v2\/comments?post=143238"}],"version-history":[{"count":0,"href":"https:\/\/www.europesays.com\/fr\/wp-json\/wp\/v2\/posts\/143238\/revisions"}],"wp:featuredmedia":[{"embeddable":true,"href":"https:\/\/www.europesays.com\/fr\/wp-json\/wp\/v2\/media\/143239"}],"wp:attachment":[{"href":"https:\/\/www.europesays.com\/fr\/wp-json\/wp\/v2\/media?parent=143238"}],"wp:term":[{"taxonomy":"category","embeddable":true,"href":"https:\/\/www.europesays.com\/fr\/wp-json\/wp\/v2\/categories?post=143238"},{"taxonomy":"post_tag","embeddable":true,"href":"https:\/\/www.europesays.com\/fr\/wp-json\/wp\/v2\/tags?post=143238"}],"curies":[{"name":"wp","href":"https:\/\/api.w.org\/{rel}","templated":true}]}}