{"id":143246,"date":"2025-06-01T04:49:11","date_gmt":"2025-06-01T04:49:11","guid":{"rendered":"https:\/\/www.europesays.com\/fr\/143246\/"},"modified":"2025-06-01T04:49:11","modified_gmt":"2025-06-01T04:49:11","slug":"strasbourg-le-combat-pour-laccessibilite-saccelere-dans-les-salles-de-spectacle","status":"publish","type":"post","link":"https:\/\/www.europesays.com\/fr\/143246\/","title":{"rendered":"Strasbourg. Le combat pour l\u2019accessibilit\u00e9 s\u2019acc\u00e9l\u00e8re dans les salles de spectacle"},"content":{"rendered":"<p>Gilets vibrants, audiodescription, horaires adapt\u00e9s, chantsigne (chant en langue des signes)\u2026 les outils logistiques et les am\u00e9nagements ne cessent de se multiplier dans les salles de spectacle strasbourgeoises. Le r\u00e9sultat d\u2019une prise de conscience\u00a0: \u00ab\u00a0Malgr\u00e9 nos efforts pour rendre l\u2019art accessible \u00e0 tous, une frange de la population a longtemps \u00e9t\u00e9 oubli\u00e9e\u00a0: celle ayant un handicap\u00a0\u00bb, d\u00e9plore Delphine Verge, responsable des relations avec le public au TJP centre dramatique national. En France, selon la d\u00e9finition la plus large, 18,2\u00a0millions de personnes seraient handicap\u00e9es.<\/p>\n<p>L\u2019espace Django pr\u00e9curseur<\/p>\n<p>Mais aujourd\u2019hui, la question de l\u2019accessibilit\u00e9 ne se limite plus qu\u2019\u00e0 la pr\u00e9sence d\u2019un ascenseur ou de rampe d\u2019acc\u00e8s pour les personnes \u00e0 mobilit\u00e9 r\u00e9duite. Parmi les pr\u00e9curseurs, l\u2019espace culturel Django a fait partie des premiers \u00e0 acqu\u00e9rir des gilets vibrants (500&#8230;<\/p>\n","protected":false},"excerpt":{"rendered":"Gilets vibrants, audiodescription, horaires adapt\u00e9s, chantsigne (chant en langue des signes)\u2026 les outils logistiques et les am\u00e9nagements ne&hellip;\n","protected":false},"author":2,"featured_media":143247,"comment_status":"","ping_status":"","sticky":false,"template":"","format":"standard","meta":{"footnotes":""},"categories":[2820],"tags":[1111,11,1687,2880,1777,674,107,1011,27,775,1943,3035,873,12,25,104,3140,640,2879],"class_list":{"0":"post-143246","1":"post","2":"type-post","3":"status-publish","4":"format-standard","5":"has-post-thumbnail","7":"category-strasbourg","8":"tag-actu","9":"tag-actualites","10":"tag-culture-loisirs","11":"tag-edition-strasbourg","12":"tag-eu","13":"tag-europe","14":"tag-fil-info","15":"tag-fr","16":"tag-france","17":"tag-grand-est","18":"tag-handicap","19":"tag-la-matinale-strasbourg","20":"tag-musique","21":"tag-news","22":"tag-republique-francaise","23":"tag-societe","24":"tag-spectacle","25":"tag-strasbourg","26":"tag-strasbourg-ville"},"share_on_mastodon":{"url":"https:\/\/pubeurope.com\/@fr\/114606306979425322","error":""},"_links":{"self":[{"href":"https:\/\/www.europesays.com\/fr\/wp-json\/wp\/v2\/posts\/143246","targetHints":{"allow":["GET"]}}],"collection":[{"href":"https:\/\/www.europesays.com\/fr\/wp-json\/wp\/v2\/posts"}],"about":[{"href":"https:\/\/www.europesays.com\/fr\/wp-json\/wp\/v2\/types\/post"}],"author":[{"embeddable":true,"href":"https:\/\/www.europesays.com\/fr\/wp-json\/wp\/v2\/users\/2"}],"replies":[{"embeddable":true,"href":"https:\/\/www.europesays.com\/fr\/wp-json\/wp\/v2\/comments?post=143246"}],"version-history":[{"count":0,"href":"https:\/\/www.europesays.com\/fr\/wp-json\/wp\/v2\/posts\/143246\/revisions"}],"wp:featuredmedia":[{"embeddable":true,"href":"https:\/\/www.europesays.com\/fr\/wp-json\/wp\/v2\/media\/143247"}],"wp:attachment":[{"href":"https:\/\/www.europesays.com\/fr\/wp-json\/wp\/v2\/media?parent=143246"}],"wp:term":[{"taxonomy":"category","embeddable":true,"href":"https:\/\/www.europesays.com\/fr\/wp-json\/wp\/v2\/categories?post=143246"},{"taxonomy":"post_tag","embeddable":true,"href":"https:\/\/www.europesays.com\/fr\/wp-json\/wp\/v2\/tags?post=143246"}],"curies":[{"name":"wp","href":"https:\/\/api.w.org\/{rel}","templated":true}]}}