{"id":143261,"date":"2025-06-01T04:58:09","date_gmt":"2025-06-01T04:58:09","guid":{"rendered":"https:\/\/www.europesays.com\/fr\/143261\/"},"modified":"2025-06-01T04:58:09","modified_gmt":"2025-06-01T04:58:09","slug":"quel-sera-le-climat-de-toulouse-en-2050-un-rapport-de-meteo-france-tire-la-sonnette-dalarme","status":"publish","type":"post","link":"https:\/\/www.europesays.com\/fr\/143261\/","title":{"rendered":"Quel sera le climat de Toulouse en 2050? Un rapport de M\u00e9t\u00e9o France tire la sonnette d&rsquo;alarme"},"content":{"rendered":"<p>            Par<br \/>\n        <strong><br \/>\n            <a href=\"https:\/\/actu.fr\/auteur\/romain-piccolo\" title=\"Consulter tous les articles de Romain Piccolo\" target=\"_blank\" rel=\"noopener\">Romain Piccolo<\/a><br \/>\n        <\/strong><\/p>\n<p>        Publi\u00e9 le<\/p>\n<p>            1 juin 2025 \u00e0 6h42        <\/p>\n<p><a href=\"https:\/\/actu.fr\/occitanie\/toulouse_31555\/plus-de-34-c-enregistres-a-toulouse-ce-vendredi-la-ville-rose-bat-un-record-de-chaleur_62710380.html\" target=\"_blank\" rel=\"noopener\">34,7\u00b0 fin mai 2025.<\/a> Un <strong>nouveau record de chaleur<\/strong> a \u00e9t\u00e9 battu \u00e0 Toulouse vendredi 29 mai 2025. <a href=\"https:\/\/actu.fr\/toulouse\/\" target=\"_blank\" rel=\"noopener\">Toulouse<\/a> se r\u00e9chauffe fort d\u00e9sormais d\u00e8s le mois de mai et <strong>les perspectives dress\u00e9es par M\u00e9t\u00e9o France ne sont pas bonnes pour le futur<\/strong>. D\u2019ici \u00e0 2050, la Ville rose pourrait en effet conna\u00eetre des temp\u00e9ratures estivales <strong>d\u00e9passant r\u00e9guli\u00e8rement les 40\u00b0C<\/strong>, un nombre de jours caniculaires multipli\u00e9 par dix et des \u00e9pisodes de s\u00e9cheresse de plus en plus longs. Selon le rapport TRACC 2025, qui \u00e9tablit des projections climatiques pour la France, Toulouse fait clairement partie des villes o\u00f9 le r\u00e9chauffement sera particuli\u00e8rement marqu\u00e9. Voici le sc\u00e9nario noir dress\u00e9 par M\u00e9t\u00e9o France.<\/p>\n<p>Un climat en surchauffe<\/p>\n<p class=\" wall-content\">En 2050, la temp\u00e9rature du jour le plus chaud de l\u2019ann\u00e9e <strong>pourrait atteindre 39\u00b0C<\/strong> en moyenne, contre 35\u00b0C durant la p\u00e9riode de r\u00e9f\u00e9rence 1976-2005. Une tendance qui se poursuit au cours du si\u00e8cle, d\u2019ici \u00e0 2100, cette temp\u00e9rature extr\u00eame <strong>pourrait fr\u00f4ler les 43\u00b0C<\/strong>.<\/p>\n<p class=\" wall-content\">En comparaison, selon une \u00e9tude du gouvernement, <a href=\"https:\/\/www.ecologie.gouv.fr\/politiques-publiques\/trajectoire-rechauffement-reference-ladaptation-changement-climatique-tracc\" target=\"_blank\" rel=\"noopener\">la m\u00e9t\u00e9o de Toulouse en 2100 serait comparable \u00e0 celle de Valence<\/a> en Espagne, actuellement. Le climat actuel de Montpellier deviendrait celui de Paris. Sans la mer\u2026<\/p>\n<p class=\" wall-content\">Un autre signal inqui\u00e9tant : la fr\u00e9quence des vagues de chaleur. Si elles \u00e9taient rares au XX\u1d49 si\u00e8cle, elles deviendraient quasi annuelles d\u00e8s 2050, avec des \u00e9pisodes pouvant durer jusqu\u2019\u00e0 deux mois. Le nombre <strong>de nuits dites \u00ab\u00a0chaudes\u00a0\u00bb<\/strong> ou la temp\u00e9rature ne descend pas sous les 20\u00b0C, pourrait <strong>d\u00e9passer les 58 nuits<\/strong> par an \u00e0 la fin du si\u00e8cle \u00e0 Toulouse, contre 8 pour la p\u00e9riode 1976-2005.\u00a0<\/p>\n<p class=\" wall-content\">Cette \u00e9volution modifia en profondeur le confort thermique des habitants et augmentera les risques sanitaires, notamment pour les populations les plus vuln\u00e9rables.\u00a0<\/p>\n<p>Des s\u00e9cheresses plus fr\u00e9quentes et plus longues<\/p>\n<p class=\" wall-content\">Toulouse devrait \u00e9galement faire face \u00e0 une aggravation des \u00e9pisodes de s\u00e9cheresse. D\u2019ici \u00e0 2100, le nombre de <strong>jours o\u00f9 le sol sera consid\u00e9r\u00e9 comme \u00ab\u00a0sec\u00a0\u00bb<\/strong> \u00e0 Toulouse, pourrait <strong>atteindre 160<\/strong>, voir 200, par an, contre 107 en moyenne sur la p\u00e9riode de r\u00e9f\u00e9rence.<\/p>\n<p class=\" wall-content\">Ces conditions menacent les ressources en eau de la r\u00e9gion, mais aussi l\u2019agriculture locale, fortement d\u00e9pendante de l\u2019irrigation. Pour la TRACC, \u00e0 Toulouse, le nombre de <strong>jours de gel<\/strong> vont passer de 30, il y a 20 ans, \u00e0<strong> 9 jours pour 2100<\/strong>.<\/p>\n<p>Un risque accru de pluies intenses<\/p>\n<p class=\" wall-content\">Paradoxalement, le r\u00e9chauffement climatique ne signifie pas n\u00e9cessairement moins de pr\u00e9cipitation, mais plut\u00f4t une intensification des \u00e9pisodes pluvieux. Dans une France \u00e0 +4\u00b0C, la quantit\u00e9 d\u2019eau tombant lors du <strong>jour le plus pluvieux de l\u2019ann\u00e9e pourrait augmenter de 15%<\/strong>. Cela implique un risque accru d\u2019inondation et de ruissellement urbain, particuli\u00e8rement dans les zones les plus imperm\u00e9ables de la ville.\u00a0<\/p>\n<p>Un climat qui redessine Toulouse<\/p>\n<p class=\" wall-content\">Ces transformations climatiques auront un impact direct sur la vie quotidienne des habitants. L\u2019effet <strong>d\u2019\u00eelot de chaleur urbain<\/strong>, d\u00e9j\u00e0 perceptible, <strong>pourrait \u00eatre exacerb\u00e9<\/strong> par la hausse des temp\u00e9ratures. Les quartiers fortement b\u00e9tonn\u00e9s et peu v\u00e9g\u00e9talis\u00e9s deviendront particuli\u00e8rement inconfortables en \u00e9t\u00e9.<\/p>\n<p class=\" wall-content\">L\u2019\u00e9volution du climat pourrait \u00e9galement<strong> affecter certains secteurs \u00e9conomiques.<\/strong> L\u2019agriculture devra s\u2019adapter \u00e0 une pluviom\u00e9trie plus erratique et \u00e0 des s\u00e9cheresses prolong\u00e9es mettant en p\u00e9ril certaines cultures traditionnelles de la r\u00e9gion. Pour Toulouse, <strong>le nombre de jours dits \u00ab\u00a0tr\u00e8s chaud\u00a0\u00bb vont passer de deux \u00e0 20 \u00e0 l\u2019horizon 2100<\/strong>. En comparaison, Lille va passer de 0 \u00e0 3 et Marseille de 1 \u00e0 22. Le tourisme, qui repose en partie sur l\u2019attrait de la douceur du climat, pourrait aussi \u00eatre impact\u00e9 par des vagues de chaleur plus fr\u00e9quente et plus intense.\u00a0<\/p>\n<p>Un avenir climatique incertain<\/p>\n<p class=\" wall-content\">Les projections du rapport TRACC dressent un constat clair : Toulouse, comme de nombreuses villes du sud de la France, est en premi\u00e8re ligne face au changement climatique.\u00a0<\/p>\n<p class=\" wall-content\">Suivez toute l\u2019actualit\u00e9 de vos villes et m\u00e9dias favoris en vous inscrivant \u00e0 <a href=\"https:\/\/moncompte.actu.fr\" title=\"D\u00e9couvez Mon Actu\" rel=\"nofollow noopener\" data-trk=\"{&quot;cta&quot;:{&quot;action&quot;:&quot;https:\\\/\\\/moncompte.actu.fr&quot;,&quot;category&quot;:&quot;mon compte&quot;,&quot;from&quot;:&quot;article footer&quot;,&quot;name&quot;:&quot;Mon actu&quot;,&quot;type&quot;:&quot;cta&quot;}}\" target=\"_blank\">Mon Actu<\/a>.<\/p>\n","protected":false},"excerpt":{"rendered":"Par Romain Piccolo Publi\u00e9 le 1 juin 2025 \u00e0 6h42 34,7\u00b0 fin mai 2025. Un nouveau record de&hellip;\n","protected":false},"author":2,"featured_media":143262,"comment_status":"","ping_status":"","sticky":false,"template":"","format":"standard","meta":{"footnotes":""},"categories":[2816],"tags":[1111,11,4734,1129,1777,674,1011,27,12,2680,52,5140,25,2312,1090],"class_list":{"0":"post-143261","1":"post","2":"type-post","3":"status-publish","4":"format-standard","5":"has-post-thumbnail","7":"category-toulouse","8":"tag-actu","9":"tag-actualites","10":"tag-changement-climatique","11":"tag-climat","12":"tag-eu","13":"tag-europe","14":"tag-fr","15":"tag-france","16":"tag-news","17":"tag-occitanie","18":"tag-planete","19":"tag-rechauffement-climatique","20":"tag-republique-francaise","21":"tag-toulouse","22":"tag-toulouse-metropole"},"share_on_mastodon":{"url":"https:\/\/pubeurope.com\/@fr\/114606342334268094","error":""},"_links":{"self":[{"href":"https:\/\/www.europesays.com\/fr\/wp-json\/wp\/v2\/posts\/143261","targetHints":{"allow":["GET"]}}],"collection":[{"href":"https:\/\/www.europesays.com\/fr\/wp-json\/wp\/v2\/posts"}],"about":[{"href":"https:\/\/www.europesays.com\/fr\/wp-json\/wp\/v2\/types\/post"}],"author":[{"embeddable":true,"href":"https:\/\/www.europesays.com\/fr\/wp-json\/wp\/v2\/users\/2"}],"replies":[{"embeddable":true,"href":"https:\/\/www.europesays.com\/fr\/wp-json\/wp\/v2\/comments?post=143261"}],"version-history":[{"count":0,"href":"https:\/\/www.europesays.com\/fr\/wp-json\/wp\/v2\/posts\/143261\/revisions"}],"wp:featuredmedia":[{"embeddable":true,"href":"https:\/\/www.europesays.com\/fr\/wp-json\/wp\/v2\/media\/143262"}],"wp:attachment":[{"href":"https:\/\/www.europesays.com\/fr\/wp-json\/wp\/v2\/media?parent=143261"}],"wp:term":[{"taxonomy":"category","embeddable":true,"href":"https:\/\/www.europesays.com\/fr\/wp-json\/wp\/v2\/categories?post=143261"},{"taxonomy":"post_tag","embeddable":true,"href":"https:\/\/www.europesays.com\/fr\/wp-json\/wp\/v2\/tags?post=143261"}],"curies":[{"name":"wp","href":"https:\/\/api.w.org\/{rel}","templated":true}]}}