{"id":143267,"date":"2025-06-01T05:03:22","date_gmt":"2025-06-01T05:03:22","guid":{"rendered":"https:\/\/www.europesays.com\/fr\/143267\/"},"modified":"2025-06-01T05:03:22","modified_gmt":"2025-06-01T05:03:22","slug":"le-boss-bien-decide-a-laisser-le-public-sans-voix","status":"publish","type":"post","link":"https:\/\/www.europesays.com\/fr\/143267\/","title":{"rendered":"le \u00ab\u00a0Boss\u00a0\u00bb bien d\u00e9cid\u00e9 \u00e0 laisser le public sans voix"},"content":{"rendered":"<p class=\"article-p mdl\">Il avait promis de revenir plus fort. Un an apr\u00e8s avoir annul\u00e9 son concert \u00e0 Marseille le jour-m\u00eame \u00e0 cause d&rsquo;une vilaine extinction de voix, <strong>le \u00ab\u00a0Boss\u00a0\u00bb va faire hurler l&rsquo;Orange V\u00e9lodrome<\/strong> ce samedi 31 mai 2025.<br \/><strong\/><br \/><strong>Bruce Springsteen a un amour infini pour son public. <\/strong>Mais cette g\u00e9n\u00e9rosit\u00e9 lui joue parfois des tours. L&rsquo;an dernier, le musicien s&rsquo;\u00e9tait produit pendant trois heures sous une pluie battante \u00e0 Sunderland dans le Nord de l&rsquo;Angleterre, trois jours avant sa date pr\u00e9vue dans la cit\u00e9 phoc\u00e9enne. Tremp\u00e9 jusqu&rsquo;aux os par une douzaine de degr\u00e9s. R\u00e9sultat : le marathonien du rock aphone \u00e9tait contraint au repos forc\u00e9 pendant une dizaine de jours sur ordre m\u00e9dical.<strong>\u00a0<a class=\"link\" href=\"https:\/\/www.rtl.fr\/culture\/musique\/bruce-springsteen-le-concert-du-boss-a-marseille-annule-a-la-derniere-minute-7900388306\" title=\"Bruce Springsteen : le concert du &quot;Boss&quot; \u00e0 Marseille annul\u00e9 \u00e0 la derni\u00e8re minute\" target=\"_blank\" rel=\"noopener\">Il annulait ses concerts \u00e0 Marseille, Milan et Prague.<\/a><\/strong><\/p>\n<p class=\"article-p mdl\">Depuis le balcon de l\u2019h\u00f4tel Intercontinental, l&rsquo;interpr\u00e8te de Born To Run avait enregistr\u00e9 une courte\u00a0<a class=\"link\" href=\"https:\/\/www.rtl.fr\/culture\/musique\/le-chanteur-bruce-springsteen-confirme-son-retour-a-l-orange-velodrome-a-marseille-7900389110\" title=\"&quot;Nous reviendrons vous donner le show de votre vie&quot; : Bruce Springsteen promet un autre concert \u00e0 Marseille\" target=\"_blank\" rel=\"noopener\"><strong>vid\u00e9o pour rassurer ses fans.<\/strong><\/a>\u00a0\u00ab\u00a0Nous reviendrons vous donner le show de votre vie que je vous ai promis\u00a0\u00bb, avait-il d\u00e9clar\u00e9. De leur c\u00f4t\u00e9, les spectateurs avaient tent\u00e9 de noyer leur tristesse dans les bars, d\u2019autres s\u2019\u00e9taient retrouv\u00e9s pour chanter ensemble ses grands classiques jusque tard dans la nuit.<\/p>\n<p class=\"article-p mdl\">Si certains ont revendu leur billet depuis, beaucoup l\u2019ont conserv\u00e9 pr\u00e9cieusement pour retrouver leur idole douze mois plus tard.<\/p>\n<p>            Le \u00ab\u00a0Boss\u00a0\u00bb d\u00e9fie Donald Trump<\/p>\n<p class=\"article-p mdl\">Bruce Springsteen est donc de retour \u00e0 Marseille, plus combattif que jamais. Il a m\u00eame pos\u00e9 ses valises d\u00e8s mercredi. Son complice le guitariste Steven Van Zandt a m\u00eame d\u00e9dicac\u00e9 son livre, Feu sacr\u00e9, les m\u00e9moires du Consigliere du rock, \u00e0 la Fnac devant 300 chanceux vendredi. Un rendez-vous organis\u00e9 par le\u00a0<a class=\"link\" href=\"https:\/\/www.rollingstone.fr\/feu-sacre-les-memoires-de-stevie-van-zandt-enfin-disponible-en-francais\/\" target=\"_blank\" rel=\"noopener\">magazine Rolling Stone.<\/a>\u00a0Les jours pr\u00e9c\u00e9dents, le \u00ab\u00a0Boss\u00a0\u00bb et son fid\u00e8le E Street Band ont \u00e9lectris\u00e9\u00a0<a class=\"link\" href=\"https:\/\/www.rtl.fr\/culture\/musique\/bruce-springsteen-defie-donald-trump-lors-d-un-concert-electrisant-au-stade-pierre-mauroy-pres-de-lille-7900508837\" title=\"Bruce Springsteen d\u00e9fie Donald Trump lors d&#039;un concert \u00e9lectrisant au Stade Pierre-Mauroy, pr\u00e8s de Lille\" target=\"_blank\" rel=\"noopener\">le public lillois les 24 et 27 mai<\/a>\u00a0au Decathlon Arena &#8211; stade Pierre Mauroy. Un \u00e9v\u00e9nement : le chanteur n\u2019avait jamais jou\u00e9 dans le Nord-Pas-de-Calais.<\/p>\n<p class=\"article-p mdl\">La star am\u00e9ricaine propose\u00a0<a class=\"link\" href=\"https:\/\/www.rtl.fr\/culture\/musique\/bruce-springsteen-comment-le-boss-combat-sur-scene-l-administration-trump-7900508181\" title=\"Bruce Springsteen : comment le &quot;Boss&quot; combat l&#039;administration Trump sur sc\u00e8ne\" target=\"_blank\" rel=\"noopener\"><strong>un show particuli\u00e8rement engag\u00e9<\/strong><\/a>\u00a0sur sa nouvelle tourn\u00e9e baptis\u00e9e Land of Hopes and Dreams. Un titre choisit en r\u00e9f\u00e9rence \u00e0 une chanson n\u00e9e sur sc\u00e8ne en 1999, avant d&rsquo;\u00eatre enregistr\u00e9e pour l&rsquo;album Wrecking Ball en 2012. Elle est d\u00e9sormais interpr\u00e9t\u00e9e en d\u00e9but de set. Depuis ses d\u00e9buts, Bruce Springsteen d\u00e9nonce les injustices, d\u00e9fend l&rsquo;id\u00e9e d&rsquo;une soci\u00e9t\u00e9 plus juste qui prend soin des plus faibles.<\/p>\n<p class=\"article-p mdl\">Il ne pouvait donc pas rester les bras crois\u00e9s apr\u00e8s le retour de Donald Trump au pouvoir pour un second mandat. Le chanteur de 75 ans, qui ne les fait pas, <strong>interpr\u00e8te sur sc\u00e8ne quelques-uns de ses titres plus politiques<\/strong> comme Death To My Hometown, Rainmaker, Murder Incorporated. Il cl\u00f4ture \u00e9galement ses prestations avec <strong>une chanson de Bob Dylan. <\/strong>Un titre de 1964, qu\u2019il avait d\u00e9j\u00e0 repris sur sc\u00e8ne \u00e0 la fin des ann\u00e9es 80 : Chimes of Freedom (\u00ab\u00a0Les carillons de la libert\u00e9\u00a0\u00bb). Un texte sur la douleur, les exclus, les m\u00e9pris\u00e9s.<\/p>\n<p>            Discours engag\u00e9s, classiques et&#8230; surprises ?<\/p>\n<p class=\"article-p mdl\">Bruce Springsteen prononce \u00e9galement des discours tr\u00e8s virulents \u00e0 l\u2019encontre du pr\u00e9sident am\u00e9ricain chaque soir, d\u00e9non\u00e7ant son \u00ab\u00a0administration corrompue, incomp\u00e9tente et perfide\u00a0\u00bb. Ce qui a d\u2019ailleurs d\u00e9clench\u00e9 la col\u00e8re de Donald Trump. Nul doute que <strong>le \u00ab\u00a0Boss\u00a0\u00bb r\u00e9it\u00e9rera ses sermons contre le locataire de la Maison-Blanche \u00e0 Marseille.<\/strong><\/p>\n<p class=\"article-p mdl\">Le h\u00e9ros du New Jersey reprendra \u00e9videmment aussi des classiques de son immense r\u00e9pertoire, mais surtout, ses fans l\u2019esp\u00e8rent, quelques titres plus rares. Certains se demandent ainsi si l\u2019interpr\u00e8te de\u00a0<a class=\"link\" href=\"https:\/\/www.rtl.fr\/culture\/musique\/bruce-springsteen-born-in-the-u-s-a-le-chef-d-oeuvre-incompris-sorti-il-y-a-40-ans-7900391652\" title=\"Bruce Springsteen : &quot;Born in The U.S.A.&quot;, le chef-d&#039;\u0153uvre incompris sorti il y a 40 ans\" target=\"_blank\" rel=\"noopener\">Born in The U.S.A.\u00a0<\/a>va jouer Jump de Van Halen, qui ouvre les matches de l\u2019Olympique de Marseille. Tout est possible avec Springsteen. <strong>Chaque concert est unique. <\/strong>Apr\u00e8s tout, il a promis aux fans de le \u00ab\u00a0show de leur vie\u00a0\u00bb.<\/p>\n<p>    La r\u00e9daction vous recommande<\/p>\n<p class=\"s-newsletter__title\">\n                L\u2019actualit\u00e9 par la r\u00e9daction de RTL dans votre bo\u00eete mail.\n            <\/p>\n<p class=\"s-newsletter__subtitle\">\n                Gr\u00e2ce \u00e0 votre compte RTL abonnez-vous \u00e0 la newsletter RTL info pour suivre toute l&rsquo;actualit\u00e9 au quotidien\n            <\/p>\n<p>\n                                    Lire la suite\n                                <\/p>\n","protected":false},"excerpt":{"rendered":"Il avait promis de revenir plus fort. Un an apr\u00e8s avoir annul\u00e9 son concert \u00e0 Marseille le jour-m\u00eame&hellip;\n","protected":false},"author":2,"featured_media":143268,"comment_status":"","ping_status":"","sticky":false,"template":"","format":"standard","meta":{"footnotes":""},"categories":[2814],"tags":[1111,11,23078,75,1777,674,2414,107,1011,27,884,873,12,882,25,7040],"class_list":{"0":"post-143267","1":"post","2":"type-post","3":"status-publish","4":"format-standard","5":"has-post-thumbnail","7":"category-marseille","8":"tag-actu","9":"tag-actualites","10":"tag-bruce-springsteen","11":"tag-donald-trump","12":"tag-eu","13":"tag-europe","14":"tag-fil-culture","15":"tag-fil-info","16":"tag-fr","17":"tag-france","18":"tag-marseille","19":"tag-musique","20":"tag-news","21":"tag-provence-alpes-cote-dazur","22":"tag-republique-francaise","23":"tag-rock"},"share_on_mastodon":{"url":"https:\/\/pubeurope.com\/@fr\/114606362210192528","error":""},"_links":{"self":[{"href":"https:\/\/www.europesays.com\/fr\/wp-json\/wp\/v2\/posts\/143267","targetHints":{"allow":["GET"]}}],"collection":[{"href":"https:\/\/www.europesays.com\/fr\/wp-json\/wp\/v2\/posts"}],"about":[{"href":"https:\/\/www.europesays.com\/fr\/wp-json\/wp\/v2\/types\/post"}],"author":[{"embeddable":true,"href":"https:\/\/www.europesays.com\/fr\/wp-json\/wp\/v2\/users\/2"}],"replies":[{"embeddable":true,"href":"https:\/\/www.europesays.com\/fr\/wp-json\/wp\/v2\/comments?post=143267"}],"version-history":[{"count":0,"href":"https:\/\/www.europesays.com\/fr\/wp-json\/wp\/v2\/posts\/143267\/revisions"}],"wp:featuredmedia":[{"embeddable":true,"href":"https:\/\/www.europesays.com\/fr\/wp-json\/wp\/v2\/media\/143268"}],"wp:attachment":[{"href":"https:\/\/www.europesays.com\/fr\/wp-json\/wp\/v2\/media?parent=143267"}],"wp:term":[{"taxonomy":"category","embeddable":true,"href":"https:\/\/www.europesays.com\/fr\/wp-json\/wp\/v2\/categories?post=143267"},{"taxonomy":"post_tag","embeddable":true,"href":"https:\/\/www.europesays.com\/fr\/wp-json\/wp\/v2\/tags?post=143267"}],"curies":[{"name":"wp","href":"https:\/\/api.w.org\/{rel}","templated":true}]}}