{"id":143278,"date":"2025-06-01T05:11:10","date_gmt":"2025-06-01T05:11:10","guid":{"rendered":"https:\/\/www.europesays.com\/fr\/143278\/"},"modified":"2025-06-01T05:11:10","modified_gmt":"2025-06-01T05:11:10","slug":"euphorie-debordements-et-demande-en-mariage-a-paris-recit-dune-nuit-de-folie-apres-le-sacre-du-psg","status":"publish","type":"post","link":"https:\/\/www.europesays.com\/fr\/143278\/","title":{"rendered":"Euphorie, d\u00e9bordements et&#8230; demande en mariage : \u00e0 Paris, r\u00e9cit d\u2019une nuit de folie apr\u00e8s le sacre du PSG"},"content":{"rendered":"<p class=\"paragraph text_align_left\">Paris se r\u00e9veille doucement. Un r\u00e9veil douloureux, celui des lendemains de soir\u00e9e historique. Ce samedi, <a href=\"https:\/\/www.leparisien.fr\/sports\/football\/ligue-des-champions\/psg-inter-5-0-paris-tout-puissant-31-05-2025-DNPP4HBOWFG23OPCCCDDHQKRKU.php\" target=\"_blank\" rel=\"noreferrer nofollow noopener\">le Paris Saint-Germain a d\u00e9croch\u00e9 la premi\u00e8re Ligue des champions <\/a>de son histoire. Fini les \u00e9checs, fini les d\u00e9ceptions, fini les remontadas, le club de la capitale est sur le toit de l\u2019Europe et c\u2019est amplement m\u00e9rit\u00e9. Larges vainqueurs de l\u2019Inter Milan (5-0), les hommes de Luis Enrique ont eu le bon go\u00fbt de ne m\u00eame pas faire peur \u00e0 leurs supporters, qui ont pu plonger dans une douce euphorie.<\/p>\n<p class=\"paragraph text_align_left\">D\u00e8s le d\u00e9but d\u2019apr\u00e8s-midi, la temp\u00e9rature estivale et les maillots rouge et bleu qui coloraient la capitale laissaient entrevoir une nuit de folie. \u00ab R\u00e9veille en toi le tourbillon d\u2019un vent de folie \u00bb, peut-on entendre dans la chanson du m\u00eame nom. Que ce soit <a href=\"https:\/\/www.leparisien.fr\/sports\/football\/psg\/psg-inter-5-0-et-le-parc-des-princes-sest-embrase-31-05-2025-SR4YP5W5QJEJXGQBXVWHLVIHJQ.php\" target=\"_blank\" rel=\"noreferrer nofollow noopener\">au Parc des Princes<\/a>, sur les Champs-\u00c9lys\u00e9es, au Trocad\u00e9ro, dans des centaines de bar mais aussi dans de nombreuses communes de banlieue o\u00f9 la finale \u00e9tait diffus\u00e9e sur \u00e9cran g\u00e9ant, le ma\u00eetre-mot \u00e9tait bien \u00ab folie \u00bb.<\/p>\n","protected":false},"excerpt":{"rendered":"Paris se r\u00e9veille doucement. Un r\u00e9veil douloureux, celui des lendemains de soir\u00e9e historique. Ce samedi, le Paris Saint-Germain&hellip;\n","protected":false},"author":2,"featured_media":143279,"comment_status":"","ping_status":"","sticky":false,"template":"","format":"standard","meta":{"footnotes":""},"categories":[1888],"tags":[11,1777,674,118,63,1011,27,447,12,626,25,60],"class_list":{"0":"post-143278","1":"post","2":"type-post","3":"status-publish","4":"format-standard","5":"has-post-thumbnail","7":"category-paris","8":"tag-actualites","9":"tag-eu","10":"tag-europe","11":"tag-faits-divers","12":"tag-football","13":"tag-fr","14":"tag-france","15":"tag-ligue-des-champions","16":"tag-news","17":"tag-paris","18":"tag-republique-francaise","19":"tag-sports"},"share_on_mastodon":{"url":"https:\/\/pubeurope.com\/@fr\/114606393526336644","error":""},"_links":{"self":[{"href":"https:\/\/www.europesays.com\/fr\/wp-json\/wp\/v2\/posts\/143278","targetHints":{"allow":["GET"]}}],"collection":[{"href":"https:\/\/www.europesays.com\/fr\/wp-json\/wp\/v2\/posts"}],"about":[{"href":"https:\/\/www.europesays.com\/fr\/wp-json\/wp\/v2\/types\/post"}],"author":[{"embeddable":true,"href":"https:\/\/www.europesays.com\/fr\/wp-json\/wp\/v2\/users\/2"}],"replies":[{"embeddable":true,"href":"https:\/\/www.europesays.com\/fr\/wp-json\/wp\/v2\/comments?post=143278"}],"version-history":[{"count":0,"href":"https:\/\/www.europesays.com\/fr\/wp-json\/wp\/v2\/posts\/143278\/revisions"}],"wp:featuredmedia":[{"embeddable":true,"href":"https:\/\/www.europesays.com\/fr\/wp-json\/wp\/v2\/media\/143279"}],"wp:attachment":[{"href":"https:\/\/www.europesays.com\/fr\/wp-json\/wp\/v2\/media?parent=143278"}],"wp:term":[{"taxonomy":"category","embeddable":true,"href":"https:\/\/www.europesays.com\/fr\/wp-json\/wp\/v2\/categories?post=143278"},{"taxonomy":"post_tag","embeddable":true,"href":"https:\/\/www.europesays.com\/fr\/wp-json\/wp\/v2\/tags?post=143278"}],"curies":[{"name":"wp","href":"https:\/\/api.w.org\/{rel}","templated":true}]}}