{"id":143284,"date":"2025-06-01T05:14:11","date_gmt":"2025-06-01T05:14:11","guid":{"rendered":"https:\/\/www.europesays.com\/fr\/143284\/"},"modified":"2025-06-01T05:14:11","modified_gmt":"2025-06-01T05:14:11","slug":"a-panama-au-bord-du-canal-convoite-par-donald-trump-lincertitude-et-la-fievre-patriotique","status":"publish","type":"post","link":"https:\/\/www.europesays.com\/fr\/143284\/","title":{"rendered":"\u00c0 Panam\u00e1, au bord du canal convoit\u00e9 par Donald Trump, l\u2019incertitude et la fi\u00e8vre patriotique"},"content":{"rendered":"<p data-module=\"fig-standfirst\" data-context=\"@media (min-width:48em)\"><strong>REPORTAGE &#8211; <\/strong>Depuis que le pr\u00e9sident am\u00e9ricain a d\u00e9clar\u00e9 qu\u2019il voulait \u00abreprendre\u00bb le canal, les Panam\u00e9ens s\u2019interrogent sur les v\u00e9ritables intentions am\u00e9ricaines et r\u00e9torquent \u00e0 Washington que les trait\u00e9s garantissent leur souverainet\u00e9.<\/p>\n<p class=\"fig-paragraph fig-paragraph--dropped\">Situ\u00e9e sur une \u00e9pingle \u00e0 cheveux de l\u2019Avenida n\u00b0 2 Norte, la \u00ab Casa Usa\u00a0\u00bb, r\u00e9sidence de l\u2019ambassadeur des \u00c9tats-Unis au\u00a0<a href=\"http:\/\/www.lefigaro.fr\/international\/face-a-donald-trump-la-chine-garde-la-main-sur-le-canal-de-panama-20250522\" target=\"_blank\" data-fig-type=\"Article\" rel=\"noopener\" data-gtm-custom-categorie=\"navigation\" data-gtm-custom-action=\"crossclick\" data-gtm-custom-label=\"Contextuel\" data-gtm-event=\"customEventSPE\" data-fig-domain=\"LEFIGARO\">Panam\u00e1<\/a>, appartient \u00e0 la l\u00e9gende. Cette villa perch\u00e9e sur les hauteurs de La Cresta, en surplomb du centre de Panam\u00e1 City, a \u00e9t\u00e9 le si\u00e8ge de bien des intrigues. Des coups d\u2019\u00c9tat y ont \u00e9t\u00e9 foment\u00e9s, des dictateurs adoub\u00e9s ou disgraci\u00e9s, et de futurs pr\u00e9sidents de la R\u00e9publique favoris\u00e9s au d\u00e9triment d\u2019autres candidats. Bien qu\u2019ils aient officiellement baiss\u00e9 pavillon et renonc\u00e9 \u00e0 toute souverainet\u00e9 sur le territoire panam\u00e9en depuis vingt-cinq ans, les Gringos, comme on appelle ici les Am\u00e9ricains, donnent souvent l\u2019impression de ne jamais \u00eatre partis.<\/p>\n<p class=\"fig-paragraph fig-paragraph--dropped fig-paragraph--dropped-small\">Jeudi 8 mai, pour sa premi\u00e8re apparition face aux m\u00e9dias locaux convi\u00e9s \u00e0 la r\u00e9sidence, Kevin Marino Cabrera, le nouvel \u00e9missaire de Washington, a tout fait pour dissiper les craintes des Panam\u00e9ens face \u00e0 une reprise en main du pays par les \u00c9tats-Unis. Cheveux gomin\u00e9s et partag\u00e9s par une raie bien nette, dans un espagnol\u2026<\/p>\n<p class=\"fig-premium-paywall__infos\">\n        Cet article est r\u00e9serv\u00e9 aux abonn\u00e9s.        Il vous reste 93% \u00e0 d\u00e9couvrir.\n    <\/p>\n<p>                <img  data- alt=\"Le Figaro\" class=\"fig-img--complete fig-img\"\/><\/p>\n<p class=\"fig-premium-paywall__title\">Vente Flash<\/p>\n<p class=\"fig-premium-paywall__subtitle\">4,99\u20ac par mois pendant 12 mois. Sans engagement.<\/p>\n<p class=\"fig-premium-paywall__connect\">\n                D\u00e9j\u00e0 abonn\u00e9\u00a0?                <a class=\"fig-premium-paywall__connect-link\" href=\"https:\/\/connect.lefigaro.fr\/login?client=horizon_web&amp;type=main&amp;redirect_uri=https%3A%2F%2Fwww.lefigaro.fr%2Finternational%2Fa-panama-au-bord-du-canal-convoite-par-donald-trump-l-incertitude-et-la-fievre-patriotique-20250601\" data-js-gtm=\"{&quot;customCategorie&quot;: &quot;conversion&quot;, &quot;customAction&quot;: &quot;before_Landing_Connexion_paywall_auto&quot;, &quot;customLabel&quot;: &quot;bGVmaWdhcm8uZnJfXzFmMDNiYjIyLTdiYTItNjY0YS05MjNhLTNiYjAzMmM0NGU4Nl9fQXJ0aWNsZQ==_\u00c0 Panam\u00e1, au bord du canal convoit\u00e9 par Donald Trump, l\u2019incertitude et la fi\u00e8vre patriotique_321&quot;, &quot;customIDSPE&quot;: &quot;bGVmaWdhcm8uZnJfXzFmMDNiYjIyLTdiYTItNjY0YS05MjNhLTNiYjAzMmM0NGU4Nl9fQXJ0aWNsZQ==&quot;, &quot;event&quot;: &quot;customEventSPE&quot;}\" target=\"_blank\" rel=\"noopener\"><br \/>\n                    Connectez-vous<br \/>\n                <\/a>\n            <\/p>\n","protected":false},"excerpt":{"rendered":"REPORTAGE &#8211; Depuis que le pr\u00e9sident am\u00e9ricain a d\u00e9clar\u00e9 qu\u2019il voulait \u00abreprendre\u00bb le canal, les Panam\u00e9ens s\u2019interrogent sur&hellip;\n","protected":false},"author":2,"featured_media":143285,"comment_status":"","ping_status":"","sticky":false,"template":"","format":"standard","meta":{"footnotes":""},"categories":[1589],"tags":[259,11,260,75,73,1866,14,261,12,6471,262,1864,1865,1863,308],"class_list":{"0":"post-143284","1":"post","2":"type-post","3":"status-publish","4":"format-standard","5":"has-post-thumbnail","7":"category-etats-unis","8":"tag-actualite-internationale","9":"tag-actualites","10":"tag-affaires-etrangeres","11":"tag-donald-trump","12":"tag-etats-unis","13":"tag-etats-unis-damerique","14":"tag-international","15":"tag-ministere-des-affaires-etrangeres","16":"tag-news","17":"tag-panama","18":"tag-politique-etrangere","19":"tag-united-states","20":"tag-united-states-of-america","21":"tag-us","22":"tag-usa"},"share_on_mastodon":{"url":"https:\/\/pubeurope.com\/@fr\/114606405235819838","error":""},"_links":{"self":[{"href":"https:\/\/www.europesays.com\/fr\/wp-json\/wp\/v2\/posts\/143284","targetHints":{"allow":["GET"]}}],"collection":[{"href":"https:\/\/www.europesays.com\/fr\/wp-json\/wp\/v2\/posts"}],"about":[{"href":"https:\/\/www.europesays.com\/fr\/wp-json\/wp\/v2\/types\/post"}],"author":[{"embeddable":true,"href":"https:\/\/www.europesays.com\/fr\/wp-json\/wp\/v2\/users\/2"}],"replies":[{"embeddable":true,"href":"https:\/\/www.europesays.com\/fr\/wp-json\/wp\/v2\/comments?post=143284"}],"version-history":[{"count":0,"href":"https:\/\/www.europesays.com\/fr\/wp-json\/wp\/v2\/posts\/143284\/revisions"}],"wp:featuredmedia":[{"embeddable":true,"href":"https:\/\/www.europesays.com\/fr\/wp-json\/wp\/v2\/media\/143285"}],"wp:attachment":[{"href":"https:\/\/www.europesays.com\/fr\/wp-json\/wp\/v2\/media?parent=143284"}],"wp:term":[{"taxonomy":"category","embeddable":true,"href":"https:\/\/www.europesays.com\/fr\/wp-json\/wp\/v2\/categories?post=143284"},{"taxonomy":"post_tag","embeddable":true,"href":"https:\/\/www.europesays.com\/fr\/wp-json\/wp\/v2\/tags?post=143284"}],"curies":[{"name":"wp","href":"https:\/\/api.w.org\/{rel}","templated":true}]}}