{"id":143286,"date":"2025-06-01T05:15:15","date_gmt":"2025-06-01T05:15:15","guid":{"rendered":"https:\/\/www.europesays.com\/fr\/143286\/"},"modified":"2025-06-01T05:15:15","modified_gmt":"2025-06-01T05:15:15","slug":"quand-le-premier-ministre-britannique-sinquiete-que-le-royaume-uni-soit-devenu-une-ile-detrangers","status":"publish","type":"post","link":"https:\/\/www.europesays.com\/fr\/143286\/","title":{"rendered":"Quand le Premier ministre britannique s\u2019inqui\u00e8te que le Royaume-uni soit devenu une \u00ab \u00eele d\u2019\u00e9trangers \u00bb"},"content":{"rendered":"<p>IDENTIT\u00c9<\/p>\n<p>Le Royaume-Uni est-il devenu une nation sans r\u00e9cit commun ?<br \/>\nAlors que Keir Starmer \u00e9voque une \u00ab \u00eele d\u2019\u00e9trangers \u00bb, de nombreux Britanniques confient d\u00e9j\u00e0 se sentir \u00e9trangers chez eux. En cause : l\u2019effet conjugu\u00e9 de la migration de masse, du multiculturalisme institutionnalis\u00e9 et de la d\u00e9valorisation de l\u2019identit\u00e9 nationale. Priv\u00e9e d\u2019un r\u00e9cit f\u00e9d\u00e9rateur, la soci\u00e9t\u00e9 britannique peine \u00e0 d\u00e9finir ce que signifie encore \u00ab \u00eatre britannique \u00bb, au point de sombrer dans un profond malaise identitaire.<\/p>\n","protected":false},"excerpt":{"rendered":"IDENTIT\u00c9 Le Royaume-Uni est-il devenu une nation sans r\u00e9cit commun ? Alors que Keir Starmer \u00e9voque une \u00ab&hellip;\n","protected":false},"author":2,"featured_media":143287,"comment_status":"","ping_status":"","sticky":false,"template":"","format":"standard","meta":{"footnotes":""},"categories":[1588],"tags":[11,27134,1777,674,5072,27132,12,473,1853,27133,1851,1850,1852],"class_list":{"0":"post-143286","1":"post","2":"type-post","3":"status-publish","4":"format-standard","5":"has-post-thumbnail","7":"category-royaume-uni","8":"tag-actualites","9":"tag-diversite-ethnique","10":"tag-eu","11":"tag-europe","12":"tag-grande-bretagne","13":"tag-multiculturalisme","14":"tag-news","15":"tag-royaume-uni","16":"tag-royaume-uni-de-grande-bretagne-et-dirlande-du-nord","17":"tag-societe-multiculturelle","18":"tag-uk","19":"tag-united-kingdom","20":"tag-united-kingdom-of-great-britain-and-northern-ireland"},"share_on_mastodon":{"url":"https:\/\/pubeurope.com\/@fr\/114606409214289618","error":""},"_links":{"self":[{"href":"https:\/\/www.europesays.com\/fr\/wp-json\/wp\/v2\/posts\/143286","targetHints":{"allow":["GET"]}}],"collection":[{"href":"https:\/\/www.europesays.com\/fr\/wp-json\/wp\/v2\/posts"}],"about":[{"href":"https:\/\/www.europesays.com\/fr\/wp-json\/wp\/v2\/types\/post"}],"author":[{"embeddable":true,"href":"https:\/\/www.europesays.com\/fr\/wp-json\/wp\/v2\/users\/2"}],"replies":[{"embeddable":true,"href":"https:\/\/www.europesays.com\/fr\/wp-json\/wp\/v2\/comments?post=143286"}],"version-history":[{"count":0,"href":"https:\/\/www.europesays.com\/fr\/wp-json\/wp\/v2\/posts\/143286\/revisions"}],"wp:featuredmedia":[{"embeddable":true,"href":"https:\/\/www.europesays.com\/fr\/wp-json\/wp\/v2\/media\/143287"}],"wp:attachment":[{"href":"https:\/\/www.europesays.com\/fr\/wp-json\/wp\/v2\/media?parent=143286"}],"wp:term":[{"taxonomy":"category","embeddable":true,"href":"https:\/\/www.europesays.com\/fr\/wp-json\/wp\/v2\/categories?post=143286"},{"taxonomy":"post_tag","embeddable":true,"href":"https:\/\/www.europesays.com\/fr\/wp-json\/wp\/v2\/tags?post=143286"}],"curies":[{"name":"wp","href":"https:\/\/api.w.org\/{rel}","templated":true}]}}