{"id":143289,"date":"2025-06-01T05:17:10","date_gmt":"2025-06-01T05:17:10","guid":{"rendered":"https:\/\/www.europesays.com\/fr\/143289\/"},"modified":"2025-06-01T05:17:10","modified_gmt":"2025-06-01T05:17:10","slug":"en-europe-seul-le-discours-a-change-rien-dautre","status":"publish","type":"post","link":"https:\/\/www.europesays.com\/fr\/143289\/","title":{"rendered":"en Europe, seul le discours a chang\u00e9, rien d\u2019autre"},"content":{"rendered":"\n<p>Pourquoi maintenant\u00a0? L\u00e0 est la question. Pourquoi est-ce maintenant que le vent semble tourner \u00e0 propos de Gaza, apr\u00e8s dix-neuf mois d\u2019une offensive sans merci, au vu et au su de tous\u00a0?<\/p>\n<p>Les gouvernants britanniques et europ\u00e9ens ont nettement chang\u00e9 de ton au cours de la semaine \u00e9coul\u00e9e, rompant clairement avec le salmigondis d\u2019\u201cinqui\u00e9tudes\u201d parsem\u00e9 de rappels du droit d\u2019Isra\u00ebl \u00e0 se d\u00e9fendre. Aujourd\u2019hui, leur rh\u00e9torique\u00a0d\u00e9nonce les actions de l\u2019\u00c9tat h\u00e9breu comme \u00e9tant \u201cmoralement injustifiables\u201d et \u201cabsolument disproportionn\u00e9es\u201d, et les menaces de ses dirigeants comme \u201cabominables\u201d.<\/p>\n<p> \u00c0 eux seuls, les mots ne signifient rien <\/p>\n<p>Mais tout cela reste \u00e0 v\u00e9rifier. La guerre se r\u00e9sume \u00e0 un g\u00e9nocide et \u00e0 un nettoyage ethnique, d\u2019une fa\u00e7on qui devient de plus en plus difficile \u00e0 nier, \u00e0 d\u00e9fendre et \u00e0 maquiller.<\/p>\n<p>Quelques-uns s\u2019en sont donn\u00e9 \u00e0 c\u0153ur joie pendant un an et demi, mais ne peuvent plus monter sur une estrade ou s\u2019asseoir \u00e0 une table et pr\u00e9tendre qu\u2019on peut justifier de tuer 100\u00a0personnes par jour. Ou qu\u2019Isra\u00ebl aurait d\u2019autres projets que celui, syst\u00e9matiquement martel\u00e9 par ses autorit\u00e9s, de d\u00e9placer la population et de coloniser.<\/p>\n<p>C\u2019en est fini depuis longtemps de l\u2019argument qui veut que cette campagne n\u2019ait pour objectif que d\u2019anni<\/p>\n<p> <strong>La\u00a0suite est r\u00e9serv\u00e9e aux abonn\u00e9s\u2026 <\/strong> <\/p>\n<p class=\"article-authors\">                         <a href=\"https:\/\/www.courrierinternational.com\/auteur\/nesrine-malik\" target=\"_blank\" rel=\"noopener\">Nesrine Malik<\/a>    <\/p>\n<p class=\"article-vo\"><a href=\"https:\/\/www.theguardian.com\/commentisfree\/2025\/may\/26\/israel-gaza-war-turning-point-uk-eu-changed\" rel=\"noopener\" target=\"_blank\">Lire l\u2019article original<\/a><\/p>\n<p>Nos lecteurs ont lu\u00a0aussi<\/p>\n<p>Source de l\u2019article<\/p>\n<p>   <img decoding=\"async\" class=\"source-logo\" src=\"https:\/\/www.europesays.com\/fr\/wp-content\/uploads\/2025\/05\/0f62b92_1643653451193-the-guardian-logo-0.jpg\"  alt=\"Logo\" loading=\"lazy\" width=\"32\" height=\"32\"\/>  The Guardian  (Londres)       <\/p>\n<p>L\u2019ind\u00e9pendance et la qualit\u00e9 caract\u00e9risent ce titre n\u00e9 en 1821, qui compte dans ses rangs certains des chroniqueurs les plus respect\u00e9s du pays.\u00a0De centre gauche, proeurop\u00e9en, The Guardian est le journal de r\u00e9f\u00e9rence de l\u2019intelligentsia, des enseignants et des syndicalistes.<\/p>\n<p>Contrairement aux autres quotidiens de r\u00e9f\u00e9rence britanniques, le journal a fait le choix d\u2019un site en acc\u00e8s libre, qu\u2019il partage\u00a0avec son \u00e9dition\u00a0dominicale, The Observer.\u00a0Les deux titres de presse sont pass\u00e9s au format tablo\u00efd en 2018. Cette d\u00e9cision s\u2019inscrivait dans une logique de r\u00e9duction des co\u00fbts, alors que The Guardian perdait de l\u2019argent sans discontinuer depuis vingt ans. Une strat\u00e9gie payante\u00a0: en mai 2019, la directrice de la r\u00e9daction, Katharine Viner, a annonc\u00e9 que le journal \u00e9tait b\u00e9n\u00e9ficiaire, une premi\u00e8re depuis\u00a01998.<\/p>\n<p>        <a href=\"https:\/\/www.courrierinternational.com\/notule-source\/the-guardian\" class=\"source-link\" target=\"_blank\" rel=\"noopener\">Lire la suite<\/a>                 <\/p>\n<p>Nos services<\/p>\n","protected":false},"excerpt":{"rendered":"Pourquoi maintenant\u00a0? L\u00e0 est la question. Pourquoi est-ce maintenant que le vent semble tourner \u00e0 propos de Gaza,&hellip;\n","protected":false},"author":2,"featured_media":143290,"comment_status":"","ping_status":"","sticky":false,"template":"","format":"standard","meta":{"footnotes":""},"categories":[1586],"tags":[11,4628,27136,27137,27135,1081,1777,674,1011,27,1892,4629,3519,3257,12,3518,25,2475],"class_list":{"0":"post-143289","1":"post","2":"type-post","3":"status-publish","4":"format-standard","5":"has-post-thumbnail","7":"category-europe","8":"tag-actualites","9":"tag-bande-de-gaza","10":"tag-benyamin-nu00e9tanyahou","11":"tag-conflit-israu00e9lo-palestinien","12":"tag-crimes-contre-lhumanitu00e9","13":"tag-crimes-de-guerre","14":"tag-eu","15":"tag-europe","16":"tag-fr","17":"tag-france","18":"tag-gu00e9opolitique","19":"tag-guerre-israu00ebl-hamas","20":"tag-hamas","21":"tag-moyen-orient","22":"tag-news","23":"tag-palestine","24":"tag-republique-francaise","25":"tag-union-europu00e9enne"},"share_on_mastodon":{"url":"https:\/\/pubeurope.com\/@fr\/114606417199366697","error":""},"_links":{"self":[{"href":"https:\/\/www.europesays.com\/fr\/wp-json\/wp\/v2\/posts\/143289","targetHints":{"allow":["GET"]}}],"collection":[{"href":"https:\/\/www.europesays.com\/fr\/wp-json\/wp\/v2\/posts"}],"about":[{"href":"https:\/\/www.europesays.com\/fr\/wp-json\/wp\/v2\/types\/post"}],"author":[{"embeddable":true,"href":"https:\/\/www.europesays.com\/fr\/wp-json\/wp\/v2\/users\/2"}],"replies":[{"embeddable":true,"href":"https:\/\/www.europesays.com\/fr\/wp-json\/wp\/v2\/comments?post=143289"}],"version-history":[{"count":0,"href":"https:\/\/www.europesays.com\/fr\/wp-json\/wp\/v2\/posts\/143289\/revisions"}],"wp:featuredmedia":[{"embeddable":true,"href":"https:\/\/www.europesays.com\/fr\/wp-json\/wp\/v2\/media\/143290"}],"wp:attachment":[{"href":"https:\/\/www.europesays.com\/fr\/wp-json\/wp\/v2\/media?parent=143289"}],"wp:term":[{"taxonomy":"category","embeddable":true,"href":"https:\/\/www.europesays.com\/fr\/wp-json\/wp\/v2\/categories?post=143289"},{"taxonomy":"post_tag","embeddable":true,"href":"https:\/\/www.europesays.com\/fr\/wp-json\/wp\/v2\/tags?post=143289"}],"curies":[{"name":"wp","href":"https:\/\/api.w.org\/{rel}","templated":true}]}}