{"id":143310,"date":"2025-06-01T05:30:10","date_gmt":"2025-06-01T05:30:10","guid":{"rendered":"https:\/\/www.europesays.com\/fr\/143310\/"},"modified":"2025-06-01T05:30:10","modified_gmt":"2025-06-01T05:30:10","slug":"la-grande-joie-de-doue-apres-la-victoire-en-c1","status":"publish","type":"post","link":"https:\/\/www.europesays.com\/fr\/143310\/","title":{"rendered":"La grande joie de Dou\u00e9 apr\u00e8s la victoire en C1"},"content":{"rendered":"<p><img width=\"700\" height=\"350\" src=\"https:\/\/www.europesays.com\/fr\/wp-content\/uploads\/2025\/06\/Doue.jpg\" class=\"attachment-jannah-image-post size-jannah-image-post wp-post-image\" alt=\"Dou\u00e9\" is_main_img=\"1\" decoding=\"async\" fetchpriority=\"high\"  \/><br \/>\n Image :<br \/>\nuefa.com<\/p>\n<p>Le PSG entre dans la l\u00e9gende. Vainqueur de sa premi\u00e8re Ligue<br \/>\ndes champions apr\u00e8s un festival face \u00e0 l\u2019Inter (5-0), le club<br \/>\nparisien marque l\u2019histoire.<\/p>\n<p>Ce samedi 31 mai 2025 marquera \u00e0 vie le <strong>PSG<\/strong>,<br \/>\nses supporters et le football fran\u00e7ais. Dans une finale de<br \/>\n<strong><a href=\"https:\/\/canal-supporters.com\/les-emotions-de-marquinhos-apres-la-victoire-en-c1-je-vous-aime\/\" title=\"\" rel=\"nofollow noopener\" target=\"_blank\">Ligue des champions<\/a><\/strong> totalement ma\u00eetris\u00e9e et<br \/>\nhistorique face \u00e0 <strong>l\u2019Inter<\/strong> (5-0), le club parisien<br \/>\na enfin atteint son objectif ultime des derni\u00e8res ann\u00e9es. Auteur<br \/>\nd\u2019une finale \u00e9poustouflante \u00e0 19 ans, <strong>D\u00e9sir\u00e9 Dou\u00e9<\/strong><br \/>\n\u2013 auteur d\u2019un doubl\u00e9 et d\u2019une passe d\u00e9cisive \u2013 a exprim\u00e9 sa joie au<br \/>\nmicro de <strong><a href=\"https:\/\/x.com\/CanalplusFoot\" target=\"_blank\" rel=\"noopener nofollow\" title=\"\">Canal Plus<\/a><\/strong>:<br \/>\n\u00ab\u00a0Je n\u2019ai pas les mots, mais merci le<br \/>\n<strong>Parc<\/strong>, merci <strong>Paris<\/strong>, on l\u2019a fait<br \/>\nles gars, on a \u00e9crit l\u2019histoire. Allez <strong>Paris<\/strong>,<br \/>\nc\u2019est incroyable. C\u2019est un r\u00eave qui devient r\u00e9alit\u00e9, je n\u2019ai pas<br \/>\nles mots, merci \u00e0 toute l\u2019\u00e9quipe, tous les joueurs\u2026 C\u2019est juste<br \/>\nmagnifique, c\u2019est dingue et je suis trop heureux.\u00a0\u00bb<\/p>\n","protected":false},"excerpt":{"rendered":"Image : uefa.com Le PSG entre dans la l\u00e9gende. Vainqueur de sa premi\u00e8re Ligue des champions apr\u00e8s un&hellip;\n","protected":false},"author":2,"featured_media":143311,"comment_status":"","ping_status":"","sticky":false,"template":"","format":"standard","meta":{"footnotes":""},"categories":[1410],"tags":[81,787,1640,1646,19161,63,1011,27,447,91,92,93,20357,60,96],"class_list":{"0":"post-143310","1":"post","2":"type-post","3":"status-publish","4":"format-standard","5":"has-post-thumbnail","7":"category-football","8":"tag-canal-supporters","9":"tag-cs","10":"tag-desire-doue","11":"tag-doue-psg","12":"tag-finale-ldc","13":"tag-football","14":"tag-fr","15":"tag-france","16":"tag-ligue-des-champions","17":"tag-paris-saint-germain","18":"tag-paris-sg","19":"tag-psg","20":"tag-psg-inter","21":"tag-sports","22":"tag-une"},"share_on_mastodon":{"url":"https:\/\/pubeurope.com\/@fr\/114606468296298432","error":""},"_links":{"self":[{"href":"https:\/\/www.europesays.com\/fr\/wp-json\/wp\/v2\/posts\/143310","targetHints":{"allow":["GET"]}}],"collection":[{"href":"https:\/\/www.europesays.com\/fr\/wp-json\/wp\/v2\/posts"}],"about":[{"href":"https:\/\/www.europesays.com\/fr\/wp-json\/wp\/v2\/types\/post"}],"author":[{"embeddable":true,"href":"https:\/\/www.europesays.com\/fr\/wp-json\/wp\/v2\/users\/2"}],"replies":[{"embeddable":true,"href":"https:\/\/www.europesays.com\/fr\/wp-json\/wp\/v2\/comments?post=143310"}],"version-history":[{"count":0,"href":"https:\/\/www.europesays.com\/fr\/wp-json\/wp\/v2\/posts\/143310\/revisions"}],"wp:featuredmedia":[{"embeddable":true,"href":"https:\/\/www.europesays.com\/fr\/wp-json\/wp\/v2\/media\/143311"}],"wp:attachment":[{"href":"https:\/\/www.europesays.com\/fr\/wp-json\/wp\/v2\/media?parent=143310"}],"wp:term":[{"taxonomy":"category","embeddable":true,"href":"https:\/\/www.europesays.com\/fr\/wp-json\/wp\/v2\/categories?post=143310"},{"taxonomy":"post_tag","embeddable":true,"href":"https:\/\/www.europesays.com\/fr\/wp-json\/wp\/v2\/tags?post=143310"}],"curies":[{"name":"wp","href":"https:\/\/api.w.org\/{rel}","templated":true}]}}