{"id":143312,"date":"2025-06-01T05:31:12","date_gmt":"2025-06-01T05:31:12","guid":{"rendered":"https:\/\/www.europesays.com\/fr\/143312\/"},"modified":"2025-06-01T05:31:12","modified_gmt":"2025-06-01T05:31:12","slug":"reunis-apres-la-rupture-bruno-wolkowitch-et-son-ex-compagne-ont-joue-dans-la-meme-serie-leur-fille-lou-egalement-au-casting","status":"publish","type":"post","link":"https:\/\/www.europesays.com\/fr\/143312\/","title":{"rendered":"R\u00e9unis apr\u00e8s la rupture ! Bruno Wolkowitch et son ex compagne ont jou\u00e9 dans la m\u00eame s\u00e9rie, leur fille Lou \u00e9galement au casting"},"content":{"rendered":"<p>Acteur dans \u00ab\u00a0Meurtres \u00e0\u00a0\u00bb diffus\u00e9 le 31 mai 2025 sur France 3, Bruno Wolkowitch a rencontr\u00e9 l&rsquo;une de ses compagnes sur le tournage d&rsquo;une s\u00e9rie f\u00e9tiche de France 2. Ils se sont m\u00eame retrouv\u00e9s en famille dans ce programme puisque leur fille Lou avait rejoint le casting quelques ann\u00e9es plus tard.<\/p>\n<p>Acteur fran\u00e7ais d\u2019origine polonaise,<a href=\"https:\/\/fr.news.yahoo.com\/bruno-wolkowitch-s%C3%A9par%C3%A9-fanny-gilles-152600273.html\" data-ylk=\"slk:Bruno Wolkowitch;elm:context_link;itc:0;sec:content-canvas;outcm:mb_qualified_link;_E:mb_qualified_link;ct:story;\" class=\"link  yahoo-link\" target=\"_blank\" rel=\"noopener\"> Bruno Wolkowitch<\/a> n&rsquo;avait que 23 ans lorsqu&rsquo;il a \u00e9t\u00e9 re\u00e7u au prestigieux Conservatoire national d&rsquo;art dramatique de Paris. Seulement quelques mois plus tard, il \u00e9tait entr\u00e9 \u00e0 la Com\u00e9die-Fran\u00e7aise et avait d\u00e9but\u00e9 une carri\u00e8re prolifique sur le petit et grand \u00e9cran. Il a ainsi jou\u00e9 dans Au nom de tous les miens en 1983 puis dans la s\u00e9rie Madame le maire (en 1987) et dans la s\u00e9rie polici\u00e8re P.J. C&rsquo;est sur le tournage de cette derni\u00e8re s\u00e9rie qu&rsquo;il a rencontr\u00e9 <a href=\"https:\/\/www.purepeople.com\/article\/bruno-wolkowitch-separe-de-fanny-gilles-nous-ne-sommes-plus-ensemble_a450181\/1\" rel=\"nofollow noopener\" target=\"_blank\" data-ylk=\"slk:son ex Fanny Gilles;elm:context_link;itc:0;sec:content-canvas\" class=\"link \">son ex Fanny Gilles<\/a>, m\u00e8re de sa fille <a href=\"https:\/\/fr.news.yahoo.com\/bruno-wolkowitch-fanny-gilles-fille-182000870.html\" data-ylk=\"slk:Lou;elm:context_link;itc:0;sec:content-canvas;outcm:mb_qualified_link;_E:mb_qualified_link;ct:story;\" class=\"link  yahoo-link\" target=\"_blank\" rel=\"noopener\">Lou<\/a> n\u00e9e en 2006 puis de son fils Luka n\u00e9 en 2011.<\/p>\n<p>Malgr\u00e9 leur rupture en 2013, les deux com\u00e9diens ont gard\u00e9 de tr\u00e8s bons rapports et ont m\u00eame jou\u00e9 ensemble dans la s\u00e9rie Sam. Les ex ont m\u00eame convi\u00e9 leur fille Lou sur le tournage puisqu&rsquo;elle y a tenu le r\u00f4le de Capucine. Une jeune fille qui semble avoir h\u00e9rit\u00e9 des talents de com\u00e9diens de ses parents puisqu&rsquo;elle a jou\u00e9 dans plusieurs \u00e9pisodes des saisons 2 et 3.<\/p>\n<p><img decoding=\"async\" class=\"caas-img caas-lazy has-preview\" alt=\"Lou Wolkowitch, la fille de Fanny Gilles et Bruno Wolkowitch, est com\u00e9dienne et mannequin \u00e0 16 ans.\" src=\"https:\/\/www.europesays.com\/fr\/wp-content\/uploads\/2025\/06\/f118ef0613fe903ef8777aab0ed55116.jpeg\"\/><\/p>\n<p>\u00a9 Instagram, Loulou Wolkowitch<\/p>\n<p>Face aux journalistes du magazine T\u00e9l\u00e9 7 Jours, Bruno Wolkowitch avait ainsi r\u00e9v\u00e9l\u00e9 comment lui et son ex avaient \u00e9t\u00e9 r\u00e9unis \u00ab\u00a0par pur hasard\u00a0\u00bb dans la s\u00e9rie Sam. L&rsquo;occasion pour lui d&rsquo;officialiser leur s\u00e9paration. \u00ab\u00a0J&rsquo;ai retrouv\u00e9 la m\u00e8re de mes enfants dont je suis s\u00e9par\u00e9\u00a0\u00bb. \u00ab\u00a0Nous ne sommes plus ensemble depuis sept ans. Nous sommes d\u00e9sormais comme toutes les personnes s\u00e9par\u00e9es qui travaillent dans le m\u00eame univers et se croisent parfois. Cela ne nous pose pas l&rsquo;ombre d&rsquo;un probl\u00e8me\u00a0\u00bb, avait-il ajout\u00e9 \u00e0 T\u00e9l\u00e9 Star.<\/p>\n<p>Bruno Wolkowitch, fleur bleue en amour ?<\/p>\n<p>Interview\u00e9 au micro de France Inter en 2015, Bruno Wolkowitch avait \u00e9galement parl\u00e9 d&rsquo;une autre histoire d&rsquo;amour, tumultueuse cette fois, qu&rsquo;il avait v\u00e9cu par le pass\u00e9. Il avait ainsi avou\u00e9 qu&rsquo;il \u00e9tait all\u00e9 en prison 17 jours \u00e0 cause d&rsquo;une ex qui s&rsquo;\u00e9tait retrouv\u00e9e emp\u00eatr\u00e9e dans une histoire de trafic de stup\u00e9fiants. Il expliquait : \u00ab\u00a0Par romantisme, j&rsquo;ai prot\u00e9g\u00e9 une fianc\u00e9e dans un pays \u00e9tranger. Elle \u00e9tait majeure alors que j&rsquo;\u00e9tais mineur, donc je m&rsquo;\u00e9tais dit que je m&rsquo;en sortirai vite. Et je suis all\u00e9 en prison \u00e0 sa place. C&rsquo;est la premi\u00e8re fois que je le dis (&#8230;) C&rsquo;est dans un pays qui s&rsquo;appelle Isra\u00ebl et dans lequel je suis interdit de s\u00e9jour \u00e0 vie depuis. Comme gros stup\u00e9fiant alors qu&rsquo;il y avait rien du tout&#8230; Moi je ne consommais pas, c&rsquo;\u00e9tait pour pas qu&rsquo;elle se tape Midnight Express.\u00a0\u00bb Un homme qui semble \u00eatre pr\u00eat \u00e0 tout par amour.<\/p>\n<p><a href=\"https:\/\/www.purepeople.com\/article\/reunis-apres-la-rupture-bruno-wolkowitch-et-son-ex-compagne-ont-joue-dans-la-meme-serie-leur-fille-lou-egalement-au-casting_a538718\/1\" rel=\"nofollow noopener\" target=\"_blank\" data-ylk=\"slk:Article original sur Purepeople;elm:context_link;itc:0;sec:content-canvas\" class=\"link \">Article original sur Purepeople<\/a><\/p>\n","protected":false},"excerpt":{"rendered":"Acteur dans \u00ab\u00a0Meurtres \u00e0\u00a0\u00bb diffus\u00e9 le 31 mai 2025 sur France 3, Bruno Wolkowitch a rencontr\u00e9 l&rsquo;une de&hellip;\n","protected":false},"author":2,"featured_media":143313,"comment_status":"","ping_status":"","sticky":false,"template":"","format":"standard","meta":{"footnotes":""},"categories":[1359],"tags":[27141,27139,27140,58,59,20673,1011,27,973,27142],"class_list":{"0":"post-143312","1":"post","2":"type-post","3":"status-publish","4":"format-standard","5":"has-post-thumbnail","7":"category-people","8":"tag-acteur-francais","9":"tag-bruno-wolkowitch","10":"tag-conservatoire-national-dart-dramatique-de-paris","11":"tag-divertissement","12":"tag-entertainment","13":"tag-fanny-gilles","14":"tag-fr","15":"tag-france","16":"tag-people","17":"tag-serie-sam"},"share_on_mastodon":{"url":"https:\/\/pubeurope.com\/@fr\/114606472125644533","error":""},"_links":{"self":[{"href":"https:\/\/www.europesays.com\/fr\/wp-json\/wp\/v2\/posts\/143312","targetHints":{"allow":["GET"]}}],"collection":[{"href":"https:\/\/www.europesays.com\/fr\/wp-json\/wp\/v2\/posts"}],"about":[{"href":"https:\/\/www.europesays.com\/fr\/wp-json\/wp\/v2\/types\/post"}],"author":[{"embeddable":true,"href":"https:\/\/www.europesays.com\/fr\/wp-json\/wp\/v2\/users\/2"}],"replies":[{"embeddable":true,"href":"https:\/\/www.europesays.com\/fr\/wp-json\/wp\/v2\/comments?post=143312"}],"version-history":[{"count":0,"href":"https:\/\/www.europesays.com\/fr\/wp-json\/wp\/v2\/posts\/143312\/revisions"}],"wp:featuredmedia":[{"embeddable":true,"href":"https:\/\/www.europesays.com\/fr\/wp-json\/wp\/v2\/media\/143313"}],"wp:attachment":[{"href":"https:\/\/www.europesays.com\/fr\/wp-json\/wp\/v2\/media?parent=143312"}],"wp:term":[{"taxonomy":"category","embeddable":true,"href":"https:\/\/www.europesays.com\/fr\/wp-json\/wp\/v2\/categories?post=143312"},{"taxonomy":"post_tag","embeddable":true,"href":"https:\/\/www.europesays.com\/fr\/wp-json\/wp\/v2\/tags?post=143312"}],"curies":[{"name":"wp","href":"https:\/\/api.w.org\/{rel}","templated":true}]}}