{"id":143316,"date":"2025-06-01T05:33:11","date_gmt":"2025-06-01T05:33:11","guid":{"rendered":"https:\/\/www.europesays.com\/fr\/143316\/"},"modified":"2025-06-01T05:33:11","modified_gmt":"2025-06-01T05:33:11","slug":"cest-un-peu-un-livre-maudit-lhistoire-des-petites-fenetres-la-creation-de-deux-cloharsiennes","status":"publish","type":"post","link":"https:\/\/www.europesays.com\/fr\/143316\/","title":{"rendered":"\u00ab\u00a0C\u2019est un peu un livre maudit\u00a0\u00bb\u00a0: l\u2019histoire des Petites fen\u00eatres, la cr\u00e9ation de deux Cloharsiennes"},"content":{"rendered":"<p>\u00ab\u00a0Les petites fen\u00eatres\u00a0\u00bb ont commenc\u00e9 \u00e0 s\u2019entrouvrir avant le confinement. Mais le livre \u00e9tait d\u00e9j\u00e0 dans la salle d\u2019attente des ateliers de cr\u00e9ation de Lucie Braud, alias Catmalou, et de Lauranne Quentric. L\u2019autrice et l\u2019illustratrice se connaissent depuis, depuis\u2026 au moins \u00e7a, oui. \u00ab\u00a0On s\u2019\u00e9tait d\u00e9j\u00e0 rencontr\u00e9 en Aquitaine, quand Lucie \u00e9tait venue donner des cours d\u2019\u00e9criture \u00e0 la fac\u00a0\u00bb, sourit Lauranne. Ce n\u2019\u00e9tait pas la vraie rencontre. Elle n\u2019est venue que plus tard. \u00ab\u00a0En 2016, j\u2019ai propos\u00e9 \u00e0 Lauranne un gros travail d\u2019illustration autour de portraits d\u2019ados et d\u2019adultes rencontr\u00e9s en Aquitaine\u00a0\u00bb, explique Lucie. L\u2019amorce des Petites fen\u00eatres \u00e9tait d\u00e9j\u00e0 dans la collaboration. \u00ab\u00a0\u00c0 cette \u00e9poque, j\u2019ai fait la connaissance d\u2019une petite fille de 5 ans qui savait parfaitement lire et \u00e9crire. J\u2019\u00e9tais surprise. Sa m\u00e8re m\u2019a expliqu\u00e9 qu\u2019elle correspondait avec son grand-p\u00e8re, qui avait \u00e9t\u00e9 d\u00e9tenu \u00e0 la prison de Lannemezan. Elle \u00e9crivait sur des cartes postales\u00a0\u00bb. Lucie a gard\u00e9 cette histoire dans ses cartons. Plus tard, lors d\u2019ateliers d\u2019\u00e9criture \u00e0 la maison d\u2019arr\u00eat de Saint-Brieuc, elle retrouvera ce fil narratif. Et avec cela, l\u2019id\u00e9e et l\u2019envie de parler d\u2019enfermement, mais aussi de l\u2019humanit\u00e9 qui ne s\u2019arr\u00eate pas quand on passe les portes du p\u00e9nitencier.<\/p>\n<p>Pas d\u2019histoires d\u2019enfermement apr\u00e8s le confinement<\/p>\n<p>Lucie quitte l\u2019Aquitaine, jette les amarres \u00e0 Do\u00eblan, et retrouve plus tard Lauranne\u2026 qui s\u2019installe plus tard \u00e0 son tour \u00e0 Clohars-Carno\u00ebt. \u00ab\u00a0Je ne la suivais pas, je cherchais un endroit en Bretagne\u2026 et voil\u00e0\u00a0\u00bb. Et la collaboration de Lucie l\u2019autrice et de Lauranne l\u2019illustratrice reprend de plus belle. Elles proposent une r\u00e9sidence de cr\u00e9ation de quatre semaines, soutenue par le Centre national du livre (CNL), qui donnera naissance \u00e0 un joli travail collectif des jeunes de l\u2019Institut m\u00e9dico-\u00e9ducatif (IME) Fran\u00e7ois-Huon et du lyc\u00e9e Kerneuzec, \u00e0 Quimperl\u00e9. Tout en travaillant sur le projet des Petites fen\u00eatres. \u00ab\u00a0Ce projet a \u00e9t\u00e9 choisi par le CNL en 2019. Puis le confinement est arriv\u00e9. Il y a cinq ans, le projet \u00e9tait d\u00e9j\u00e0 bien avanc\u00e9, mais on n\u2019a pas trouv\u00e9 d\u2019\u00e9diteurs\u00a0\u00bb, observe Lauranne. \u00ab\u00a0Nous avions des supers retours. Ils disaient que \u00e7a ne serait pas un livre facile \u00e0 vendre, \u00e7a venait apr\u00e8s une p\u00e9riode d\u2019enfermement. Apr\u00e8s la Covid, ce n\u2019\u00e9tait pas hyper attendu, comme th\u00e8me\u00a0\u00bb, compl\u00e8te Lucie. \u00ab\u00a0C\u2019est un projet un peu maudit. On ne savait plus s\u2019il allait aboutir\u00a0\u00bb.<\/p>\n<p><img decoding=\"async\" src=\"https:\/\/www.europesays.com\/fr\/wp-content\/uploads\/2025\/06\/683af4e66bd8d3fc04064f62.1.jpeg\" width=\"480\" height=\"300\" class=\"web_golden_m\" loading=\"lazy\" alt=\"Les grands aplats noirs de Lauranne sont perc\u00e9s de touches de couleurs, des cartes postales d\u2019une petite fille \u00e0 qui Lucie donne ses mots.\"\/>Les grands aplats noirs de Lauranne sont perc\u00e9s de touches de couleurs, des cartes postales d\u2019une petite fille \u00e0 qui Lucie donne ses mots. (Le T\u00e9l\u00e9gramme\/Gwen Rastoll)\u00ab\u00a0Ce qui m\u2019int\u00e9resse, c\u2019est l\u2019humanit\u00e9 avant l\u2019enfermement\u00a0\u00bb<\/p>\n<p>Jusqu\u2019\u00e0 ce que les Belges s\u2019en m\u00ealent. \u00ab\u00a0Le livre est enfin sorti, il y a quelques semaines, chez <a href=\"https:\/\/www.alice-editions.be\/catalogue\/les-petites-fenetres\/\" target=\"_blank\" rel=\"nofollow noopener\">un \u00e9diteur en Belgique, Alice \u00c9ditions<\/a>. L\u2019histoire\u00a0? C\u2019est une petite fille qui \u00e9change avec son oncle emprisonn\u00e9. Elle veut qu\u2019il sache qu\u2019elle ne l\u2019oublie pas. Et elle \u00e9crit des cartes postales \u00e0 ce tonton Jorge\u00a0\u00bb. Le sujet pourrait d\u00e9ranger, il est abord\u00e9 avec tendresse et humanit\u00e9. \u00ab\u00a0Je pense que nous sommes des \u00eatres fondamentalement sociaux, et qu\u2019exister \u00e0 travers le regard de quelqu\u2019un, c\u2019est ce qui te permet de continuer \u00e0 avancer. Ce qui m\u2019int\u00e9ressait, c\u2019est l\u2019humanit\u00e9 avant l\u2019enfermement, sans \u00e9voquer la cause de l\u2019enfermement\u00a0\u00bb. Les mots de Lucie s\u2019\u00e9talent autour des petites ouvertures qui s\u2019\u00e9lancent sur des \u00e9tendues de lumi\u00e8re. \u00ab\u00a0J\u2019ai travaill\u00e9 au crayon de couleur, en cr\u00e9ant des fen\u00eatres color\u00e9es qui viennent percer de grands aplats noirs. Je travaille beaucoup le d\u00e9coupage et le collage de papier de soie, mais j\u2019aime adapter la technique au sujet\u00a0\u00bb, dit Lauranne.<\/p>\n<p>\u00ab\u00a0Les petites fen\u00eatres\u00a0\u00bb est un livre qui ouvre sur l\u2019autre, en faisant tomber murs, barreaux et pr\u00e9jug\u00e9s. Le livre \u00e9tait s\u00e9lectionn\u00e9 pour le prix Philosophia, qui \u00ab\u00a0met \u00e0 l\u2018honneur des ouvrages jeunesse o\u00f9 la philosophie s\u2019invite entre les lignes\u00a0\u00bb. Lauranne et Lucie pr\u00e9senteront leur livre, en compagnie d\u2019autres artistes, lors du Grand atelier\u00a0: l\u2019exposition de travaux communs d\u2019artistes, <a href=\"https:\/\/www.letelegramme.fr\/finistere\/quimperle-29300\/cinq-univers-pour-une-expo-unique-dans-le-grand-atelier-de-clohars-carnoet-6431069.php\" target=\"_blank\" rel=\"nofollow noopener\">reviendra \u00e0 la fin de l\u2019\u00e9t\u00e9,<\/a> du 13 septembre au 11 octobre, \u00e0 la chapelle Saint-Jacques de Clohars-Carno\u00ebt. Les deux autrices seront accompagn\u00e9es de Cromwell (\u00ab\u00a0Le Dernier des Mohicans\u00a0\u00bb), de Guillaume Sorel (\u00ab\u00a0Algernon Woodcock\u00a0\u00bb) et de Laetitia Villemin, qui sort un double ouvrage photos et textes baptis\u00e9 \u00ab\u00a0Vertical\u00a0\u00bb. \ufeff<\/p>\n","protected":false},"excerpt":{"rendered":"\u00ab\u00a0Les petites fen\u00eatres\u00a0\u00bb ont commenc\u00e9 \u00e0 s\u2019entrouvrir avant le confinement. Mais le livre \u00e9tait d\u00e9j\u00e0 dans la salle&hellip;\n","protected":false},"author":2,"featured_media":143317,"comment_status":"","ping_status":"","sticky":false,"template":"","format":"standard","meta":{"footnotes":""},"categories":[1357],"tags":[1379,24221,58,59,3321,1011,27,1380,11878],"class_list":{"0":"post-143316","1":"post","2":"type-post","3":"status-publish","4":"format-standard","5":"has-post-thumbnail","7":"category-livres","8":"tag-books","9":"tag-clohars-carnoet","10":"tag-divertissement","11":"tag-entertainment","12":"tag-finistere","13":"tag-fr","14":"tag-france","15":"tag-livres","16":"tag-quimperle"},"share_on_mastodon":{"url":"https:\/\/pubeurope.com\/@fr\/114606480070056500","error":""},"_links":{"self":[{"href":"https:\/\/www.europesays.com\/fr\/wp-json\/wp\/v2\/posts\/143316","targetHints":{"allow":["GET"]}}],"collection":[{"href":"https:\/\/www.europesays.com\/fr\/wp-json\/wp\/v2\/posts"}],"about":[{"href":"https:\/\/www.europesays.com\/fr\/wp-json\/wp\/v2\/types\/post"}],"author":[{"embeddable":true,"href":"https:\/\/www.europesays.com\/fr\/wp-json\/wp\/v2\/users\/2"}],"replies":[{"embeddable":true,"href":"https:\/\/www.europesays.com\/fr\/wp-json\/wp\/v2\/comments?post=143316"}],"version-history":[{"count":0,"href":"https:\/\/www.europesays.com\/fr\/wp-json\/wp\/v2\/posts\/143316\/revisions"}],"wp:featuredmedia":[{"embeddable":true,"href":"https:\/\/www.europesays.com\/fr\/wp-json\/wp\/v2\/media\/143317"}],"wp:attachment":[{"href":"https:\/\/www.europesays.com\/fr\/wp-json\/wp\/v2\/media?parent=143316"}],"wp:term":[{"taxonomy":"category","embeddable":true,"href":"https:\/\/www.europesays.com\/fr\/wp-json\/wp\/v2\/categories?post=143316"},{"taxonomy":"post_tag","embeddable":true,"href":"https:\/\/www.europesays.com\/fr\/wp-json\/wp\/v2\/tags?post=143316"}],"curies":[{"name":"wp","href":"https:\/\/api.w.org\/{rel}","templated":true}]}}