{"id":143325,"date":"2025-06-01T05:39:12","date_gmt":"2025-06-01T05:39:12","guid":{"rendered":"https:\/\/www.europesays.com\/fr\/143325\/"},"modified":"2025-06-01T05:39:12","modified_gmt":"2025-06-01T05:39:12","slug":"tarek-boudali-avait-un-message-pour-ce-prof-qui-avait-moque-son-reve-dacteur-quand-il-etait-au-college","status":"publish","type":"post","link":"https:\/\/www.europesays.com\/fr\/143325\/","title":{"rendered":"Tarek Boudali avait un message pour ce prof qui avait moqu\u00e9 son r\u00eave d\u2019acteur quand il \u00e9tait au coll\u00e8ge"},"content":{"rendered":"<p>        <img decoding=\"async\" loading=\"lazy\" src=\"https:\/\/www.europesays.com\/fr\/wp-content\/uploads\/2025\/06\/fbc301b_sirius-fs-upload-1-tfpzlwlkpmmr-1748700171509-screenshot-2025-05-31-16-02-41.png\"  width=\"728\" height=\"410\" alt=\"L\u2019acteur Tarek Boudali est revenu dans \u00ab\u00a0C \u00e0 vous\u00a0\u00bb sur un professeur de fran\u00e7ais qui l\u2019avait \u00ab\u00a0rabaiss\u00e9 devant toute la classe\u00a0\u00bb parce qu\u2019il voulait devenir acteur.\"\/>  <\/p>\n<p>Capture d\u2019\u00e9cran X (@cavousf5)<\/p>\n<p class=\"asset asset-text\">PEOPLE &#8211; Certains enseignants laissent de meilleurs souvenirs que d\u2019autres. L\u2019acteur et r\u00e9alisateur Tarek Boudali est revenu sur un \u00e9pisode douloureux de ses ann\u00e9es coll\u00e8ge, lors d\u2019une interview dans <a href=\"https:\/\/www.huffingtonpost.fr\/life\/article\/ce-temoignage-d-ophelie-winter-dans-c-a-vous-montre-l-evolution-de-notre-regard-sur-le-sexisme_250606.html\" target=\"_blank\" rel=\"noopener\">C \u00e0 vous<\/a> sur France 5, ce vendredi 30\u00a0mai. Celui dont la carri\u00e8re a explos\u00e9 apr\u00e8s le film Babysitting (2014) a \u00e9voqu\u00e9 le souvenir d\u2019un <a href=\"https:\/\/www.huffingtonpost.fr\/life\/article\/le-droit-a-la-deconnexion-de-pronote-annonce-par-borne-pour-les-eleves-leurs-parents-et-ces-profs-c-est-une-bonne-nouvelle_250012.html\" target=\"_blank\" rel=\"noopener\">professeur<\/a> de fran\u00e7ais \u00ab\u00a0qui ne croyait pas du tout\u00a0\u00bb en lui et avait eu un comportement d\u00e9plac\u00e9 lors d\u2019un cours.<\/p>\n<p class=\"asset asset-text\">\u00ab\u00a0Il m\u2019a descendu, rabaiss\u00e9 devant toute la classe, a racont\u00e9 le com\u00e9dien, il fallait remplir les fiches d\u2019orientation pour savoir dans quel lyc\u00e9e on devait aller et dans la cat\u00e9gorie m\u00e9tier souhait\u00e9 j\u2019ai mis \u201cacteur\u201d.\u00a0\u00bb \u00ab\u00a0Il a commenc\u00e9 \u00e0 lire ma fiche et \u00e0 se foutre de ma gueule devant toute la classe\u00a0\u00bb, s\u2019est-il souvenu. L\u2019avenir a donn\u00e9 plus que tort \u00e0 l\u2019enseignant\u00a0: Tarek Boudali a accompli son r\u00eave et il a \u00e9t\u00e9 \u00e0 l\u2019affiche de plusieurs com\u00e9dies qui ont cartonn\u00e9 au box-office.<\/p>\n<p class=\"asset asset-text\">\u00ab\u00a0C\u2019est une belle revanche l\u00e0\u00a0\u00bb, a alors fait remarquer <a href=\"https:\/\/www.huffingtonpost.fr\/culture\/article\/dans-c-a-vous-adele-exarchopoulos-balance-sur-anne-elisabeth-lemoine-dans-un-echange-hilarant_234323.html\" target=\"_blank\" rel=\"noopener\">Anne-\u00c9lisabeth Lemoine<\/a>. L\u2019acteur a acquiesc\u00e9 avant de faire passer un message \u00e0 son professeur et aux enseignants en g\u00e9n\u00e9ral. \u00ab\u00a0Je trouve que les professeurs ont une responsabilit\u00e9 et je trouve que ce qu\u2019il a fait n\u2019est ni professionnel, ni humain\u00a0\u00bb, a-t-il expliqu\u00e9, suscitant l\u2019approbation des invit\u00e9s et chroniqueurs pr\u00e9sents sur le plateau, <strong>comme vous pouvez le voir ci-dessous\u00a0:<\/strong><\/p>\n<p> La lecture de ce contenu est susceptible d\u2019entra\u00eener un d\u00e9p\u00f4t de cookies de la part de l\u2019op\u00e9rateur tiers qui l\u2019h\u00e9berge. Compte-tenu des choix que vous avez exprim\u00e9s en mati\u00e8re de d\u00e9p\u00f4t de cookies, nous avons bloqu\u00e9 l\u2019affichage de ce contenu. Si vous souhaitez y acc\u00e9der, vous devez accepter la cat\u00e9gorie de cookies \u201cContenus tiers\u201d en cliquant sur le bouton ci-dessous. <\/p>\n<p> Lire la Vid\u00e9o        <\/p>\n<p class=\"asset asset-text\">Tarek Boudali n\u2019est pas le seul \u00e0 avoir subi les railleries d\u2019un enseignant. En mars dernier, l\u2019acteur c\u00e9saris\u00e9 <a href=\"https:\/\/www.huffingtonpost.fr\/people\/article\/pierre-niney-n-a-pas-oublie-la-prof-qui-le-jugeait-assez-mediocre-il-l-interpelle-dans-une-video-20-ans-apres_247483.html\" target=\"_blank\" rel=\"noopener\">Pierre Niney<\/a> s\u2019\u00e9tait gentiment moqu\u00e9 de la professeure de fran\u00e7ais qui avait douch\u00e9 ses espoirs de devenir com\u00e9dien en lui disant qu\u2019il \u00e9tait \u00ab\u00a0assez m\u00e9diocre\u00a0\u00bb. \u00ab\u00a0Pendant longtemps, j\u2019ai eu envie de prendre ma revanche, de lui montrer qu\u2019elle avait tort\u00a0\u00bb, avait-il confi\u00e9 dans une vid\u00e9o publi\u00e9e sur les r\u00e9seaux sociaux 20\u00a0ans apr\u00e8s l\u2019incident.<\/p>\n<p class=\"asset asset-text\">Il y brandissait l\u2019air de rien un exemplaire du Comte de Monte-Cristo d\u2019Alexandre Dumas avec sa propre t\u00eate en illustration, la derni\u00e8re \u00e9dition reprenant l\u2019affiche du film o\u00f9 il incarnait le personnage principal. Une belle revanche l\u00e0 aussi et la preuve que les professeurs n\u2019ont pas toujours le don pour rep\u00e9rer les futures stars dans leur salle de classe.<\/p>\n","protected":false},"excerpt":{"rendered":"Capture d\u2019\u00e9cran X (@cavousf5) PEOPLE &#8211; Certains enseignants laissent de meilleurs souvenirs que d\u2019autres. L\u2019acteur et r\u00e9alisateur Tarek&hellip;\n","protected":false},"author":2,"featured_media":143326,"comment_status":"","ping_status":"","sticky":false,"template":"","format":"standard","meta":{"footnotes":""},"categories":[8],"tags":[253,5632,650,251,58,59,1011,27,973],"class_list":{"0":"post-143325","1":"post","2":"type-post","3":"status-publish","4":"format-standard","5":"has-post-thumbnail","7":"category-divertissement","8":"tag-acteur","9":"tag-c-a-vous","10":"tag-cinema","11":"tag-culture","12":"tag-divertissement","13":"tag-entertainment","14":"tag-fr","15":"tag-france","16":"tag-people"},"share_on_mastodon":{"url":"https:\/\/pubeurope.com\/@fr\/114606503765479425","error":""},"_links":{"self":[{"href":"https:\/\/www.europesays.com\/fr\/wp-json\/wp\/v2\/posts\/143325","targetHints":{"allow":["GET"]}}],"collection":[{"href":"https:\/\/www.europesays.com\/fr\/wp-json\/wp\/v2\/posts"}],"about":[{"href":"https:\/\/www.europesays.com\/fr\/wp-json\/wp\/v2\/types\/post"}],"author":[{"embeddable":true,"href":"https:\/\/www.europesays.com\/fr\/wp-json\/wp\/v2\/users\/2"}],"replies":[{"embeddable":true,"href":"https:\/\/www.europesays.com\/fr\/wp-json\/wp\/v2\/comments?post=143325"}],"version-history":[{"count":0,"href":"https:\/\/www.europesays.com\/fr\/wp-json\/wp\/v2\/posts\/143325\/revisions"}],"wp:featuredmedia":[{"embeddable":true,"href":"https:\/\/www.europesays.com\/fr\/wp-json\/wp\/v2\/media\/143326"}],"wp:attachment":[{"href":"https:\/\/www.europesays.com\/fr\/wp-json\/wp\/v2\/media?parent=143325"}],"wp:term":[{"taxonomy":"category","embeddable":true,"href":"https:\/\/www.europesays.com\/fr\/wp-json\/wp\/v2\/categories?post=143325"},{"taxonomy":"post_tag","embeddable":true,"href":"https:\/\/www.europesays.com\/fr\/wp-json\/wp\/v2\/tags?post=143325"}],"curies":[{"name":"wp","href":"https:\/\/api.w.org\/{rel}","templated":true}]}}