{"id":14333,"date":"2025-04-10T06:38:23","date_gmt":"2025-04-10T06:38:23","guid":{"rendered":"https:\/\/www.europesays.com\/fr\/14333\/"},"modified":"2025-04-10T06:38:23","modified_gmt":"2025-04-10T06:38:23","slug":"la-bourse-de-paris-rebondit-avec-les-perspectives-de-negociations-commerciales-08-04-2025-a-1838","status":"publish","type":"post","link":"https:\/\/www.europesays.com\/fr\/14333\/","title":{"rendered":"La Bourse de Paris rebondit avec les perspectives de n\u00e9gociations commerciales &#8211; 08\/04\/2025 \u00e0 18:38"},"content":{"rendered":"<p>        <img fetchpriority=\"high\" decoding=\"async\" src=\"https:\/\/www.europesays.com\/fr\/wp-content\/uploads\/2025\/04\/05340e1d15516ad3177964793f63f119-760x506.jpg\" alt=\"Des \u00e9crans d'indices boursiers dans le b\u00e2timent de la bourse Euronext, \u00e0 La D\u00e9fense, \u00e0 l'ouest de Paris, le 7 avril 2025 ( AFP \/ Thomas SAMSON )\" loading=\"eager\" width=\"760\" height=\"506\" style=\"max-width: 100%!important; height: auto;\"\/><\/p>\n<p class=\"c-image-news__legend\">Des \u00e9crans d&rsquo;indices boursiers dans le b\u00e2timent de la bourse Euronext, \u00e0 La D\u00e9fense, \u00e0 l&rsquo;ouest de Paris, le 7 avril 2025 ( AFP \/ Thomas SAMSON )<\/p>\n<p>\n La Bourse de Paris a termin\u00e9 en forte hausse mardi apr\u00e8s trois s\u00e9ances de d\u00e9b\u00e2cle, soutenue par les espoirs de n\u00e9gociations commerciales entre les Etats-Unis et ses partenaires commerciaux.\n<\/p>\n<p>\n L&rsquo;indice vedette de la Bourse de Paris, le CAC 40, a gagn\u00e9 173,30 points \u00e0 7.100,42 points. Depuis le 1er avril, il abandonne toutefois toujours pr\u00e8s de 9%.\n<\/p>\n<p>\n \u00ab\u00a0Avec des pistes de n\u00e9gociations dans l&rsquo;air, un soulagement a envahi les march\u00e9s financiers\u00a0\u00bb, commente Susannah Streeter, responsable des march\u00e9s chez Hargreaves Lansdown.\n<\/p>\n<p>\n \u00ab\u00a0Les investisseurs ont saisi l&rsquo;occasion d&rsquo;acheter des actions malmen\u00e9es, en visant une reprise \u00e0 long terme\u00a0\u00bb, explique-t-elle.\n<\/p>\n<p>\n Mais \u00ab\u00a0rapport\u00e9 \u00e0 l&rsquo;ampleur des baisses que l&rsquo;on a connues depuis la semaine derni\u00e8re, on ne peut pas consid\u00e9rer que le march\u00e9 a d\u00e9finitivement tourn\u00e9 la page\u00a0\u00bb des droits de douane, temp\u00e8re Alexandre Baradez, responsable de l&rsquo;analyse march\u00e9s \u00e0 IG France interrog\u00e9 par l&rsquo;AFP.\n<\/p>\n<p>\n Le retour de l&rsquo;optimisme sur les march\u00e9s d&rsquo;actions a \u00e9t\u00e9 insuffl\u00e9 par \u00ab\u00a0l&rsquo;annonce de l&rsquo;ouverture de n\u00e9gociations commerciales dans quelques jours\u00a0\u00bb entre le Japon et les \u00c9tats-Unis, note Matt Britzman, analyste chez Hargreaves Lansdown. La Bourse de Tokyo a ainsi grimp\u00e9 de plus de 6% mardi, apr\u00e8s avoir d\u00e9viss\u00e9 de presque 8% la veille.\n<\/p>\n<p>\n Dans le d\u00e9tail, le Premier ministre japonais Shigeru Ishiba a annonc\u00e9 s&rsquo;\u00eatre entendu par t\u00e9l\u00e9phone avec le pr\u00e9sident am\u00e9ricain pour poursuivre les discussions sur les droits de douane am\u00e9ricains, qu&rsquo;il esp\u00e8re faire modifier.\n<\/p>\n<p>\n Donald Trump a par ailleurs annonc\u00e9 mardi s&rsquo;\u00eatre entretenu avec le pr\u00e9sident par int\u00e9rim de Cor\u00e9e du Sud. L&rsquo;un de ses conseillers a affirm\u00e9 que les alli\u00e9s tels que S\u00e9oul et Tokyo auraient la priorit\u00e9 pour mener des n\u00e9gociations commerciales.\n<\/p>\n<p>\n Pour Alexandre Baradez, les march\u00e9s per\u00e7oivent \u00ab\u00a0dans les propos des responsables am\u00e9ricains une distinction faite entre d&rsquo;un c\u00f4t\u00e9 la Chine, et de l&rsquo;autre, le reste du monde qui cherche \u00e0 n\u00e9gocier\u00a0\u00bb, \u00e0 la veille de l&rsquo;entr\u00e9e en vigueur des surtaxes am\u00e9ricaines sur les importations chinoises et europ\u00e9ennes.\n<\/p>\n<p>\n La pr\u00e9sidente de la Commission europ\u00e9enne, Ursula von der Leyen, a appel\u00e9 \u00e0 \u00ab\u00a0\u00e9viter l&rsquo;escalade\u00a0\u00bb, lors d&rsquo;un entretien t\u00e9l\u00e9phonique avec le Premier ministre chinois Li Qiang. L&rsquo;UE pr\u00e9pare aussi sa propre r\u00e9ponse aux droits de douane de Donald Trump, qui devrait \u00eatre pr\u00e9sent\u00e9e \u00ab\u00a0en d\u00e9but de semaine prochaine\u00a0\u00bb d&rsquo;apr\u00e8s un porte-parole de la Commission europ\u00e9enne.\n<\/p>\n<p>\n Le ton n&rsquo;est pas le m\u00eame \u00e0 P\u00e9kin, qui a promis mardi de combattre les droits de douane am\u00e9ricains \u00ab\u00a0jusqu&rsquo;au bout\u00a0\u00bb. Avec les 34% annonc\u00e9s la semaine derni\u00e8re, les surtaxes sur les produits chinois doivent atteindre 54% \u00e0 partir de mercredi.\n<\/p>\n<p>\n \u00ab\u00a0Le sentiment reste nerveux (&#8230;) \u00e9tant donn\u00e9 la grande incertitude quant aux perspectives commerciales de l&rsquo;\u00e9conomie mondiale\u00a0\u00bb, poursuit Mme Streeter.\n<\/p>\n<p> L&rsquo;industrie brille<\/p>\n<p>\n Apr\u00e8s la d\u00e9b\u00e2cle des derni\u00e8res s\u00e9ances, les valeurs industrielles ont repris des couleurs, port\u00e9es par les lueurs d&rsquo;espoir sur les n\u00e9gociations douani\u00e8res.\n<\/p>\n<p>\n L&rsquo;UE a propos\u00e9 lundi une exemption des droits de douane totale et r\u00e9ciproque pour les produits industriels.\n<\/p>\n<p>\n <a href=\"https:\/\/www.boursorama.com\/cours\/1rPHO\/\" rel=\"nofollow noopener\" target=\"_blank\"><br \/>\n  Thales<br \/>\n <\/a><br \/>\n s&rsquo;est adjug\u00e9 5,44% \u00e0 240,20 euros,<br \/>\n <a href=\"https:\/\/www.boursorama.com\/cours\/1rPSAF\/\" rel=\"nofollow noopener\" target=\"_blank\"><br \/>\n  Safran<br \/>\n <\/a><br \/>\n 5,02% \u00e0 211,40 euros et ArcelorMittal 2,40% \u00e0 22,62 euros.\n<\/p>\n<p>\n <a href=\"https:\/\/www.boursorama.com\/cours\/1rPENX\/\" rel=\"nofollow noopener\" target=\"_blank\"><br \/>\n  Euronext<br \/>\n <\/a><br \/>\n CAC40<\/p>\n","protected":false},"excerpt":{"rendered":"Des \u00e9crans d&rsquo;indices boursiers dans le b\u00e2timent de la bourse Euronext, \u00e0 La D\u00e9fense, \u00e0 l&rsquo;ouest de Paris,&hellip;\n","protected":false},"author":2,"featured_media":14334,"comment_status":"","ping_status":"","sticky":false,"template":"","format":"standard","meta":{"footnotes":""},"categories":[1888],"tags":[400,11,398,408,405,1777,674,1011,27,403,402,399,404,12,626,25,401,406,407],"class_list":{"0":"post-14333","1":"post","2":"type-post","3":"status-publish","4":"format-standard","5":"has-post-thumbnail","7":"category-paris","8":"tag-action-cac-40","9":"tag-actualites","10":"tag-bourse-de-paris","11":"tag-boursorama","12":"tag-cotations","13":"tag-eu","14":"tag-europe","15":"tag-fr","16":"tag-france","17":"tag-indices-devises","18":"tag-investir","19":"tag-investissement","20":"tag-marche-boursier","21":"tag-news","22":"tag-paris","23":"tag-republique-francaise","24":"tag-sicav","25":"tag-trackers","26":"tag-warrants"},"share_on_mastodon":{"url":"https:\/\/pubeurope.com\/@fr\/114312295466480474","error":""},"_links":{"self":[{"href":"https:\/\/www.europesays.com\/fr\/wp-json\/wp\/v2\/posts\/14333","targetHints":{"allow":["GET"]}}],"collection":[{"href":"https:\/\/www.europesays.com\/fr\/wp-json\/wp\/v2\/posts"}],"about":[{"href":"https:\/\/www.europesays.com\/fr\/wp-json\/wp\/v2\/types\/post"}],"author":[{"embeddable":true,"href":"https:\/\/www.europesays.com\/fr\/wp-json\/wp\/v2\/users\/2"}],"replies":[{"embeddable":true,"href":"https:\/\/www.europesays.com\/fr\/wp-json\/wp\/v2\/comments?post=14333"}],"version-history":[{"count":0,"href":"https:\/\/www.europesays.com\/fr\/wp-json\/wp\/v2\/posts\/14333\/revisions"}],"wp:featuredmedia":[{"embeddable":true,"href":"https:\/\/www.europesays.com\/fr\/wp-json\/wp\/v2\/media\/14334"}],"wp:attachment":[{"href":"https:\/\/www.europesays.com\/fr\/wp-json\/wp\/v2\/media?parent=14333"}],"wp:term":[{"taxonomy":"category","embeddable":true,"href":"https:\/\/www.europesays.com\/fr\/wp-json\/wp\/v2\/categories?post=14333"},{"taxonomy":"post_tag","embeddable":true,"href":"https:\/\/www.europesays.com\/fr\/wp-json\/wp\/v2\/tags?post=14333"}],"curies":[{"name":"wp","href":"https:\/\/api.w.org\/{rel}","templated":true}]}}