{"id":143334,"date":"2025-06-01T05:44:10","date_gmt":"2025-06-01T05:44:10","guid":{"rendered":"https:\/\/www.europesays.com\/fr\/143334\/"},"modified":"2025-06-01T05:44:10","modified_gmt":"2025-06-01T05:44:10","slug":"50-departements-en-vigilance-voici-ou-ca-va-tomber","status":"publish","type":"post","link":"https:\/\/www.europesays.com\/fr\/143334\/","title":{"rendered":"50 d\u00e9partements en vigilance, voici o\u00f9 \u00e7a va tomber"},"content":{"rendered":"<p>            Par<br \/>\n        <strong><br \/>\n            <a href=\"https:\/\/actu.fr\/auteur\/timotheelangevin\" title=\"Consulter tous les articles de Timoth\u00e9e L&#039;Angevin\" target=\"_blank\" rel=\"noopener\">Timoth\u00e9e L&rsquo;Angevin<\/a><br \/>\n        <\/strong><\/p>\n<p>        Publi\u00e9 le<\/p>\n<p>            1 juin 2025 \u00e0 6h21        <\/p>\n<p>Un gros conflit de masses d\u2019air, et qui risque de durer quelques jours. Voici ce qui nous attend ce dimanche 1er juin 2025, et qui va provoquer des orages \u00ab\u00a0costauds\u00a0\u00bb sur une bonne partie du territoire, selon le m\u00e9t\u00e9orologue Yann Amice, fondateur du site <a href=\"https:\/\/www.weathernco.com\/\" target=\"_blank\" rel=\"noopener\">Weather &amp; Co<\/a>.<\/p>\n<p class=\" wall-content\">\u00ab\u00a0Apr\u00e8s une<a href=\"https:\/\/actu.fr\/meteo\/ca-va-bien-taper-des-orages-violents-prevus-ce-samedi-la-moitie-de-la-france-en-vigilance_62708914.html\" target=\"_blank\" rel=\"noopener\"> journ\u00e9e de samedi rythm\u00e9e par de beaux orages,<\/a> ils se remettent en place ce dimanche, sur un axe allant du sud de <a href=\"https:\/\/actu.fr\/occitanie\/foix_09122\/des-orages-annonces-en-occitanie-trois-departements-places-sous-surveillance-par-meteo-france_62711290.html\" target=\"_blank\" rel=\"noopener\">Toulouse<\/a> \u00e0 la <a href=\"https:\/\/actu.fr\/meteo\/des-orages-violents-des-ce-samedi-dans-le-rhone-voici-ou-et-quand-ils-doivent-frapper_62706089.html\" target=\"_blank\" rel=\"noopener\">r\u00e9gion lyonnaise<\/a>\u00ab\u00a0, explique le sp\u00e9cialiste aupr\u00e8s d\u2019actu.fr.\u00a0<\/p>\n<blockquote class=\"ac-article-quote wall-content\">\n<p>Mais cette fois, on va avoir une convergence entre un vent de nord-ouest frais et humide et de l&rsquo;air tr\u00e8s chaud de la vall\u00e9e du Rh\u00f4ne, ce qui va cr\u00e9er une forte instabilit\u00e9.<\/p>\n<p>    <strong>Yann Amice <\/strong><br \/>\n        M\u00e9t\u00e9orologue    <\/p><\/blockquote>\n<p class=\" wall-content\">R\u00e9sultat, M\u00e9t\u00e9o France a plac\u00e9 50 d\u00e9partements en vigilance jaune.\u00a0<\/p>\n<p>Les d\u00e9partements en vigilance jaune orages, ce dimanche<\/p>\n<p>Ain\u00a0\t: \torages<br \/>Allier\u00a0\t: \torages<br \/>Alpes-de-Haute-Provence\u00a0\t: \torages<br \/>Hautes-Alpes\u00a0\t: \torages<br \/>Ard\u00e8che\u00a0\t: \torages<br \/>Ari\u00e8ge\u00a0\t: \torages<br \/>Aude\u00a0\t: \torages<br \/>Aveyron\t: \torages<br \/>Cantal\t: \torages<br \/>Charente\t: \torages<br \/>Charente-Maritime\t: \torages<br \/>Corr\u00e8ze\t: \torages<br \/>C\u00f4te-d&rsquo;Or\t: \torages<br \/>Creuse\t: \torages<br \/>Dordogne\t: \torages<br \/>Doubs\t: \torages<br \/>Dr\u00f4me\t: \torages<br \/>Gard\t: \torages<br \/>Haute-Garonne\t: \torages<br \/>Gers\t: \torages<br \/>Gironde\t: \torages<br \/>H\u00e9rault\t: \torages<br \/>Is\u00e8re\t: \torages<br \/>Jura\t: \torages<br \/>Landes\t: \torages<br \/>Loire\t: \torages<br \/>Haute-Loire\t: \torages<br \/>Lot\t: \torages<br \/>Lot-et-Garonne\t: \torages<br \/>Loz\u00e8re\t: \torages<br \/>Haute-Marne\t: \torages<br \/>Meurthe-et-Moselle\t: \torages<br \/>Moselle\t: \torages<br \/>Ni\u00e8vre\t: \torages<br \/>Puy-de-D\u00f4me\t: \torages<br \/>Pyr\u00e9n\u00e9es-Atlantiques\t: \torages<br \/>Hautes-Pyr\u00e9n\u00e9es\t: \torages<br \/>Pyr\u00e9n\u00e9es-Orientales\t: \torages<br \/>Bas-Rhin\t: \torages<br \/>Haut-Rhin\t: \torages<br \/>Rh\u00f4ne\t: \torages<br \/>Haute-Sa\u00f4ne\t: \torages<br \/>Sa\u00f4ne-et-Loire\t: \torages<br \/>Savoie\t: \torages<br \/>Haute-Savoie\t: \torages<br \/>Tarn\t: \torages<br \/>Tarn-et-Garonne\t: \torages<br \/>Haute-Vienne\t: \torages<br \/>Vosges\t: \torages<br \/>Terr. de Belfort\t: \torages<br \/>Andorre\t: \torages<\/p>\n<p>Vid\u00e9os : en ce moment sur ActuDes ph\u00e9nom\u00e8nes violents pr\u00e9vus<\/p>\n<p class=\" wall-content\">Yann Amice anticipe de grosses cellules orageuses de type MCS (syst\u00e8me convectif de m\u00e9so-\u00e9chelle), c\u2019est-\u00e0-dire des orages extr\u00eamement vastes (de 30 \u00e0 100 km de large), qui se d\u00e9placent sur de grandes distances, et sont synonymes d\u2019activit\u00e9s intenses : pluie, foudre, gr\u00eale, rafales de vent\u2026\u00a0<\/p>\n<p class=\" wall-content\">\u00ab\u00a0Il faudra s\u2019en m\u00e9fier, ce n\u2019est pas bon\u00a0\u00bb, pr\u00e9vient le m\u00e9t\u00e9orologue, qui insiste sur de probables ph\u00e9nom\u00e8nes violents localis\u00e9s.<\/p>\n<p class=\" wall-content\">Les pr\u00e9visions d\u2019orages ce dimanche selon le mod\u00e8le europ\u00e9en ECMWF (cartes issues de <a href=\"http:\/\/meteologix.com\" target=\"_blank\" rel=\"noopener\">M\u00e9t\u00e9ologix<\/a>) :\u00a0<\/p>\n<p class=\" wall-content\"><img decoding=\"async\" loading=\"lazy\" class=\"alignnone size-medium_large\" src=\"https:\/\/www.europesays.com\/fr\/wp-content\/uploads\/2025\/06\/animiertes-gif-von-online-umwandeln-de.gif\" width=\"760\" height=\"760\"\/><\/p>\n<p class=\" wall-content\">Selon M\u00e9t\u00e9o France, \u00ab\u00a0l\u2019activit\u00e9 orageuse peut \u00eatre passag\u00e8rement forte sur les r\u00e9gions du centre-est, avec un risque de gr\u00eale et de rafales de vent\u00a0\u00bb.<\/p>\n<blockquote class=\"ac-article-quote wall-content\">\n<p>On surveille un risque d&rsquo;orages localement forts sur l&rsquo;est du Midi-Pyr\u00e9n\u00e9es jusqu&rsquo;\u00e0 l&rsquo;int\u00e9rieur de l&rsquo;Aude et les C\u00e9vennes.<\/p>\n<p>    <strong>M\u00e9t\u00e9o France<\/strong>\n            <\/p><\/blockquote>\n<p>Une introduction \u00e0 ce qui nous attend en d\u00e9but de semaine<\/p>\n<p class=\" wall-content\">Le site <a href=\"https:\/\/www.keraunos.org\/previsions\/prevision-orage-grele-vent-demain-apres-demain-france-risque-meteo\" target=\"_blank\" rel=\"noopener\">Keraunos<\/a>, sp\u00e9cialis\u00e9 dans les orages et les ph\u00e9nom\u00e8nes violents, anticipe de son c\u00f4t\u00e9 une probabilit\u00e9 tr\u00e8s \u00e9lev\u00e9e d\u2019orages des Pyr\u00e9n\u00e9es aux Vosges.\u00a0<\/p>\n<p class=\" wall-content\">Selon Yann Amice, cette situation sera une introduction de ce qui nous attend dans les jours \u00e0 venir sur toute la France, \u00e0 savoir, un important conflit de masses d\u2019air, provoquant des orages tr\u00e8s forts.\u00a0<\/p>\n<p class=\" wall-content\">Suivez toute l\u2019actualit\u00e9 de vos villes et m\u00e9dias favoris en vous inscrivant \u00e0 <a href=\"https:\/\/moncompte.actu.fr\" title=\"D\u00e9couvez Mon Actu\" rel=\"nofollow noopener\" data-trk=\"{&quot;cta&quot;:{&quot;action&quot;:&quot;https:\\\/\\\/moncompte.actu.fr&quot;,&quot;category&quot;:&quot;mon compte&quot;,&quot;from&quot;:&quot;article footer&quot;,&quot;name&quot;:&quot;Mon actu&quot;,&quot;type&quot;:&quot;cta&quot;}}\" target=\"_blank\">Mon Actu<\/a>.<\/p>\n","protected":false},"excerpt":{"rendered":"Par Timoth\u00e9e L&rsquo;Angevin Publi\u00e9 le 1 juin 2025 \u00e0 6h21 Un gros conflit de masses d\u2019air, et qui&hellip;\n","protected":false},"author":2,"featured_media":143335,"comment_status":"","ping_status":"","sticky":false,"template":"","format":"standard","meta":{"footnotes":""},"categories":[2],"tags":[11,1011,27,2487,2357,12,4594],"class_list":{"0":"post-143334","1":"post","2":"type-post","3":"status-publish","4":"format-standard","5":"has-post-thumbnail","7":"category-actualites","8":"tag-actualites","9":"tag-fr","10":"tag-france","11":"tag-meteo","12":"tag-meteo-france","13":"tag-news","14":"tag-orages"},"share_on_mastodon":{"url":"https:\/\/pubeurope.com\/@fr\/114606523258871716","error":""},"_links":{"self":[{"href":"https:\/\/www.europesays.com\/fr\/wp-json\/wp\/v2\/posts\/143334","targetHints":{"allow":["GET"]}}],"collection":[{"href":"https:\/\/www.europesays.com\/fr\/wp-json\/wp\/v2\/posts"}],"about":[{"href":"https:\/\/www.europesays.com\/fr\/wp-json\/wp\/v2\/types\/post"}],"author":[{"embeddable":true,"href":"https:\/\/www.europesays.com\/fr\/wp-json\/wp\/v2\/users\/2"}],"replies":[{"embeddable":true,"href":"https:\/\/www.europesays.com\/fr\/wp-json\/wp\/v2\/comments?post=143334"}],"version-history":[{"count":0,"href":"https:\/\/www.europesays.com\/fr\/wp-json\/wp\/v2\/posts\/143334\/revisions"}],"wp:featuredmedia":[{"embeddable":true,"href":"https:\/\/www.europesays.com\/fr\/wp-json\/wp\/v2\/media\/143335"}],"wp:attachment":[{"href":"https:\/\/www.europesays.com\/fr\/wp-json\/wp\/v2\/media?parent=143334"}],"wp:term":[{"taxonomy":"category","embeddable":true,"href":"https:\/\/www.europesays.com\/fr\/wp-json\/wp\/v2\/categories?post=143334"},{"taxonomy":"post_tag","embeddable":true,"href":"https:\/\/www.europesays.com\/fr\/wp-json\/wp\/v2\/tags?post=143334"}],"curies":[{"name":"wp","href":"https:\/\/api.w.org\/{rel}","templated":true}]}}