{"id":143336,"date":"2025-06-01T05:45:13","date_gmt":"2025-06-01T05:45:13","guid":{"rendered":"https:\/\/www.europesays.com\/fr\/143336\/"},"modified":"2025-06-01T05:45:13","modified_gmt":"2025-06-01T05:45:13","slug":"tout-ce-qui-change-a-partir-de-lundi","status":"publish","type":"post","link":"https:\/\/www.europesays.com\/fr\/143336\/","title":{"rendered":"tout ce qui change \u00e0 partir de lundi"},"content":{"rendered":"<p>Depuis le 1\u1d49\u02b3\u00a0 janvier 2023 (et m\u00eame un peu avant pour certaines communes) et l\u2019extension (par obligation l\u00e9gale) des consignes de tri, les quelque 407\u00a0000 habitants de Saint-\u00c9tienne M\u00e9tropole (SEM) peuvent mettre dans leurs bacs jaunes l\u2019ensemble des emballages\u00a0: pots de yaourt, barquettes \u00ab\u00a0traiteur\u00a0\u00bb en plastique, sacs et sachets plastiques, tubes de dentifrice, films plastiques des packs d\u2019eau, barquettes en polystyr\u00e8ne,\u00a0etc.<\/p>\n<p>Des bacs jaunes qui d\u00e9bordent depuis les nouvelles consignes de tri<\/p>\n<p>Ceci est venu s\u2019ajouter \u00e0 tout ce qui pouvait d\u00e9j\u00e0 \u00eatre tri\u00e9 auparavant, \u00e0 savoir les emballages en papier et en carton (briques alimentaires, bo\u00eetes \u00e0 \u0153ufs, cartons de pizza\u2026), les papiers (journaux, enveloppes, magazines\u2026) et les emballages en m\u00e9tal (bo\u00eetes de conserve, canettes, a\u00e9rosols, capsules de caf\u00e9\u2026).<\/p>\n<p>La cons\u00e9quence logique (et ce m\u00eame si, par manque d\u2019information ou de civisme, un emballage&#8230;<\/p>\n","protected":false},"excerpt":{"rendered":"Depuis le 1\u1d49\u02b3\u00a0 janvier 2023 (et m\u00eame un peu avant pour certaines communes) et l\u2019extension (par obligation l\u00e9gale)&hellip;\n","protected":false},"author":2,"featured_media":143337,"comment_status":"","ping_status":"","sticky":false,"template":"","format":"standard","meta":{"footnotes":""},"categories":[9653],"tags":[1111,11,2430,7359,7539,436,1777,674,1011,27,3367,12,25,4001,7538],"class_list":{"0":"post-143336","1":"post","2":"type-post","3":"status-publish","4":"format-standard","5":"has-post-thumbnail","7":"category-saint-etienne","8":"tag-actu","9":"tag-actualites","10":"tag-auvergne-rhone-alpes","11":"tag-edition-loire-centre","12":"tag-edition-loire-sud","13":"tag-environnement","14":"tag-eu","15":"tag-europe","16":"tag-fr","17":"tag-france","18":"tag-loire","19":"tag-news","20":"tag-republique-francaise","21":"tag-saint-etienne","22":"tag-saint-etienne-ville"},"share_on_mastodon":{"url":"https:\/\/pubeurope.com\/@fr\/114606527199267477","error":""},"_links":{"self":[{"href":"https:\/\/www.europesays.com\/fr\/wp-json\/wp\/v2\/posts\/143336","targetHints":{"allow":["GET"]}}],"collection":[{"href":"https:\/\/www.europesays.com\/fr\/wp-json\/wp\/v2\/posts"}],"about":[{"href":"https:\/\/www.europesays.com\/fr\/wp-json\/wp\/v2\/types\/post"}],"author":[{"embeddable":true,"href":"https:\/\/www.europesays.com\/fr\/wp-json\/wp\/v2\/users\/2"}],"replies":[{"embeddable":true,"href":"https:\/\/www.europesays.com\/fr\/wp-json\/wp\/v2\/comments?post=143336"}],"version-history":[{"count":0,"href":"https:\/\/www.europesays.com\/fr\/wp-json\/wp\/v2\/posts\/143336\/revisions"}],"wp:featuredmedia":[{"embeddable":true,"href":"https:\/\/www.europesays.com\/fr\/wp-json\/wp\/v2\/media\/143337"}],"wp:attachment":[{"href":"https:\/\/www.europesays.com\/fr\/wp-json\/wp\/v2\/media?parent=143336"}],"wp:term":[{"taxonomy":"category","embeddable":true,"href":"https:\/\/www.europesays.com\/fr\/wp-json\/wp\/v2\/categories?post=143336"},{"taxonomy":"post_tag","embeddable":true,"href":"https:\/\/www.europesays.com\/fr\/wp-json\/wp\/v2\/tags?post=143336"}],"curies":[{"name":"wp","href":"https:\/\/api.w.org\/{rel}","templated":true}]}}