{"id":143340,"date":"2025-06-01T05:47:10","date_gmt":"2025-06-01T05:47:10","guid":{"rendered":"https:\/\/www.europesays.com\/fr\/143340\/"},"modified":"2025-06-01T05:47:10","modified_gmt":"2025-06-01T05:47:10","slug":"le-savez-vous-du-jour-savez-vous-quel-objet-vraiment-insolite-a-ete-oublie-un-jour-dans-un-bus-du-reseau-stan","status":"publish","type":"post","link":"https:\/\/www.europesays.com\/fr\/143340\/","title":{"rendered":"Le \u00absavez-vous\u00bb du jour. Savez-vous quel objet vraiment insolite a \u00e9t\u00e9 oubli\u00e9 un jour dans un bus du r\u00e9seau Stan\u00a0?"},"content":{"rendered":"<p>En moyenne, 400 objets sont retrouv\u00e9s chaque mois dans les bus du r\u00e9seau Stan. <a href=\"https:\/\/www.estrepublicain.fr\/transport\/2024\/07\/02\/portefeuilles-vetements-lustre-quels-sont-les-cinq-objets-trouves-les-plus-insolites-du-reseau-stan\" target=\"_blank\" rel=\"noopener\">Un bric-\u00e0-brac r\u00e9clam\u00e9 pour moiti\u00e9 seulement<\/a> \u2026<\/p>\n<p>Des cartes de bus, des portefeuilles, sacs \u00e0 dos, cl\u00e9s et doudous, voire <a href=\"https:\/\/www.estrepublicain.fr\/edition-de-nancy-ville\/2016\/02\/23\/nancy-l-incroyable-bureau-des-objets-perdus-du-reseau-stan\" target=\"_blank\" rel=\"noopener\">des t\u00e9l\u00e9phones<\/a> constituent le gros des biens laiss\u00e9s derri\u00e8re eux par les \u00e9tourdis. Mais il y a aussi des b\u00e9quilles, des cannes de non-voyant (?), des bibelots\u2026<\/p>\n<p>\u00ab\u00a0R\u00e9cemment il y a eu un immense lustre. Il devait bien faire un m\u00e8tre par un m\u00e8tre\u00a0!\u00a0\u00bb confiait l\u2019an dernier Omar Akil, agent commercial du r\u00e9seau Stan et responsable des objets trouv\u00e9s. Avant de se demander comment la personne avait pu redescendre du car sans se souvenir qu\u2019elle y \u00e9tait entr\u00e9e, un encombrant luminaire dans les bras.<\/p>\n<p>Un autre jour, c\u2019est un chien dans un panier qui a \u00e9t\u00e9 oubli\u00e9. Le ma\u00eetre s\u2019est cependant manifest\u00e9 presque aussit\u00f4t. Et le toutou a \u00e9t\u00e9 rapatri\u00e9\u00a0dans les bureaux et restitu\u00e9.<\/p>\n<p>Mais au rayon des objets insolites ramass\u00e9 par les agents, outre un sac rempli de sex-toys, notre pr\u00e9f\u00e9r\u00e9 est incontestablement\u2026 un dentier\u00a0! Oui, oui, un appareil qui a donc laiss\u00e9 une m\u00e2choire orpheline sans inqui\u00e9ter son propri\u00e9taire. Vraisemblablement pas un mordu des transports en commun\u2026<\/p>\n","protected":false},"excerpt":{"rendered":"En moyenne, 400 objets sont retrouv\u00e9s chaque mois dans les bus du r\u00e9seau Stan. Un bric-\u00e0-brac r\u00e9clam\u00e9 pour&hellip;\n","protected":false},"author":2,"featured_media":143341,"comment_status":"","ping_status":"","sticky":false,"template":"","format":"standard","meta":{"footnotes":""},"categories":[9635],"tags":[1111,11,1704,1777,674,1011,27,775,1757,1702,1703,12,25],"class_list":{"0":"post-143340","1":"post","2":"type-post","3":"status-publish","4":"format-standard","5":"has-post-thumbnail","7":"category-nancy","8":"tag-actu","9":"tag-actualites","10":"tag-edition-nancy-et-agglomeration","11":"tag-eu","12":"tag-europe","13":"tag-fr","14":"tag-france","15":"tag-grand-est","16":"tag-insolite","17":"tag-nancy","18":"tag-nancy-ville-54b","19":"tag-news","20":"tag-republique-francaise"},"share_on_mastodon":{"url":"https:\/\/pubeurope.com\/@fr\/114606535150093603","error":""},"_links":{"self":[{"href":"https:\/\/www.europesays.com\/fr\/wp-json\/wp\/v2\/posts\/143340","targetHints":{"allow":["GET"]}}],"collection":[{"href":"https:\/\/www.europesays.com\/fr\/wp-json\/wp\/v2\/posts"}],"about":[{"href":"https:\/\/www.europesays.com\/fr\/wp-json\/wp\/v2\/types\/post"}],"author":[{"embeddable":true,"href":"https:\/\/www.europesays.com\/fr\/wp-json\/wp\/v2\/users\/2"}],"replies":[{"embeddable":true,"href":"https:\/\/www.europesays.com\/fr\/wp-json\/wp\/v2\/comments?post=143340"}],"version-history":[{"count":0,"href":"https:\/\/www.europesays.com\/fr\/wp-json\/wp\/v2\/posts\/143340\/revisions"}],"wp:featuredmedia":[{"embeddable":true,"href":"https:\/\/www.europesays.com\/fr\/wp-json\/wp\/v2\/media\/143341"}],"wp:attachment":[{"href":"https:\/\/www.europesays.com\/fr\/wp-json\/wp\/v2\/media?parent=143340"}],"wp:term":[{"taxonomy":"category","embeddable":true,"href":"https:\/\/www.europesays.com\/fr\/wp-json\/wp\/v2\/categories?post=143340"},{"taxonomy":"post_tag","embeddable":true,"href":"https:\/\/www.europesays.com\/fr\/wp-json\/wp\/v2\/tags?post=143340"}],"curies":[{"name":"wp","href":"https:\/\/api.w.org\/{rel}","templated":true}]}}