{"id":143344,"date":"2025-06-01T05:49:10","date_gmt":"2025-06-01T05:49:10","guid":{"rendered":"https:\/\/www.europesays.com\/fr\/143344\/"},"modified":"2025-06-01T05:49:10","modified_gmt":"2025-06-01T05:49:10","slug":"cest-une-premiere-pour-moi-le-casting-de-la-france-a-un-incroyable-talent-fait-escale-a-toulon","status":"publish","type":"post","link":"https:\/\/www.europesays.com\/fr\/143344\/","title":{"rendered":"\u00ab\u00a0C\u2019est une premi\u00e8re pour moi\u00a0\u00bb, le casting de la France a un incroyable talent fait escale \u00e0 Toulon"},"content":{"rendered":"<p>Eva, 14 ans, dit ne pas avoir le trac mais ses mains sont moites. Elle va bient\u00f4t passer sur la sc\u00e8ne de l\u2019\u00e9mission de t\u00e9l\u00e9vision La France a un incroyable talent. Le Casting Tour 2025 passe cette ann\u00e9e par Toulon. Et c\u2019est le centre commercial Mayol qui se transforme en salle d\u2019audition pour l\u2019occasion.<\/p>\n<p>Elle a pr\u00e9vu de chanter Et Bam de son artiste pr\u00e9f\u00e9r\u00e9e Mentissa. \u00ab\u00a0C\u2019est une premi\u00e8re pour moi. Je vois que \u00e7a va \u00eatre film\u00e9. Va falloir convaincre le jury\u00a0\u00bb, explique-t-elle. C\u2019est sa maman, Christelle, qui l\u2019a inscrite via Facebook : \u00ab\u00a0j\u2019ai vu passer un appel \u00e0 candidatures pour Toulon. On n\u2019habite pas loin, donc, on est venues avec plaisir. J\u2019avais gard\u00e9 la surprise \u00e0 Eva. Je ne lui ai dit que ce matin. Gagner ou perdre, ce n\u2019est finalement pas si important. Ce qui l\u2019est, c\u2019est d\u2019avoir une premi\u00e8re exp\u00e9rience en live.\u00a0\u00bb<\/p>\n<p>Deux minutes pour convaincre<\/p>\n<p>              <img ci-src=\"https:\/\/www.varmatin.com\/vie-locale\/protec\/DATA_ART_15630799-Xq1UEKde.jpg?vh=617dd4&amp;ci_seal=8bb2a55a7e\" alt=\"\"\/><br \/>\n        Christophe est venu de Saint-Maximin pour montrer ses talents de P\u00f4le dancer. Bluffant. <strong>BOUTRIA LUC \/ Nice Matin.<\/strong> <\/p>\n<p>Eva a eu 2 minutes, montre en mains, pour convaincre, tout comme les 55 autres candidats invit\u00e9s \u00e0 se produire sur le podium toulonnais. Plusieurs centaines de spectateurs sont venues applaudir les talents de demain, parmi lesquels Fabrice, avec sa perruque blonde, pour interpr\u00e9ter un Renaud plus vrai que nature. Il \u00e9tait accompagn\u00e9 d\u2019Olivier et d\u2019Arnaud, deux musiciens. \u00ab\u00a0Moi, je viens d\u2019Aix expr\u00e8s. Je travaille dans l\u2019animation et je voulais m\u2019essayer \u00e0 ce concours.\u00a0\u00bb Avec son dossard 273, il a mis l\u2019ambiance mais n\u2019a finalement pas \u00e9t\u00e9 retenu.<\/p>\n<p>Champion de France de Pole dance<\/p>\n<p>Les s\u00e9lections sont drastiques. \u00ab\u00a0Il n\u2019y a pas de quota pour s\u00e9lectionner les candidats mais il faut vraiment se d\u00e9marquer\u00a0\u00bb, indiquent L\u00e9o et Maxime, deux des membres charg\u00e9s du casting. Au micro, Eric se charge d\u2019annoncer les gagnants ou les perdants du jour. Christophe, 25 ans, fait partie de la derni\u00e8re cat\u00e9gorie. Pourtant, il ne manque pas de talent (s). Pole dancer, il virevolte autour de sa barre et suscite beaucoup d\u2019applaudissements. \u00ab\u00a0Tu es tr\u00e8s fort Christophe. Ton num\u00e9ro est au top mais tu ne racontes pas d\u2019histoire. C\u2019est ce qui me manquait\u00a0\u00bb, lui dit le jury.<\/p>\n<p>Tant pis: le jeune homme va retourner \u00e0 Saint-Maximin o\u00f9 il a son propre club de Pole dance. Dans les coulisses, il nous explique qu\u2019il est champion de France 2024 et est arriv\u00e9 5e aux championnats du monde! \u00ab\u00a0J\u2019ai une formation d\u2019acrobate, je suis aussi danseur. La vie continue. La sc\u00e8ne, aussi !\u00a0\u00bb<\/p>\n<p>Derri\u00e8re lui, Franck Nouzies se concentre avant de monter on stage. Il est hypnotiseur et cherche parmi les spectateurs des \u00ab\u00a0candidats r\u00e9ceptifs\u00a0\u00bb pour l\u2019accompagner face au jury. Thibault, lui, est magicien. \u00c0 24 ans, il manie les cartes de fa\u00e7on bluffante mais a choisi de faire un num\u00e9ro de mentaliste pour le public toulonnais. Remarqu\u00e9.<\/p>\n<p>Apr\u00e8s Nancy, Toulon \u00e9tait une \u00e9tape importante du \u00ab\u00a0Talents tour\u00a0\u00bb de M6. \u00ab\u00a0Ensuite, nous partons \u00e0 Boulogne\u00a0\u00bb, explique le jury. Au total, la tourn\u00e9e compte 16 \u00e9tapes \u00e0 travers la France pour constituer le premier groupe qui passera devant les cam\u00e9ras de M6 \u00e0 Paris. \u00ab\u00a0Et si vous avez un non de notre part, dites-vous bien que ce n\u2019est pas la fin de votre vie. Mais le d\u00e9but.\u00a0\u00bb<\/p>\n","protected":false},"excerpt":{"rendered":"Eva, 14 ans, dit ne pas avoir le trac mais ses mains sont moites. Elle va bient\u00f4t passer&hellip;\n","protected":false},"author":2,"featured_media":143345,"comment_status":"","ping_status":"","sticky":false,"template":"","format":"standard","meta":{"footnotes":""},"categories":[9619],"tags":[1111,11,1777,674,1011,27,12,882,25,252,2310,3366],"class_list":{"0":"post-143344","1":"post","2":"type-post","3":"status-publish","4":"format-standard","5":"has-post-thumbnail","7":"category-toulon","8":"tag-actu","9":"tag-actualites","10":"tag-eu","11":"tag-europe","12":"tag-fr","13":"tag-france","14":"tag-news","15":"tag-provence-alpes-cote-dazur","16":"tag-republique-francaise","17":"tag-television","18":"tag-toulon","19":"tag-vie-locale"},"share_on_mastodon":{"url":"https:\/\/pubeurope.com\/@fr\/114606542918154883","error":""},"_links":{"self":[{"href":"https:\/\/www.europesays.com\/fr\/wp-json\/wp\/v2\/posts\/143344","targetHints":{"allow":["GET"]}}],"collection":[{"href":"https:\/\/www.europesays.com\/fr\/wp-json\/wp\/v2\/posts"}],"about":[{"href":"https:\/\/www.europesays.com\/fr\/wp-json\/wp\/v2\/types\/post"}],"author":[{"embeddable":true,"href":"https:\/\/www.europesays.com\/fr\/wp-json\/wp\/v2\/users\/2"}],"replies":[{"embeddable":true,"href":"https:\/\/www.europesays.com\/fr\/wp-json\/wp\/v2\/comments?post=143344"}],"version-history":[{"count":0,"href":"https:\/\/www.europesays.com\/fr\/wp-json\/wp\/v2\/posts\/143344\/revisions"}],"wp:featuredmedia":[{"embeddable":true,"href":"https:\/\/www.europesays.com\/fr\/wp-json\/wp\/v2\/media\/143345"}],"wp:attachment":[{"href":"https:\/\/www.europesays.com\/fr\/wp-json\/wp\/v2\/media?parent=143344"}],"wp:term":[{"taxonomy":"category","embeddable":true,"href":"https:\/\/www.europesays.com\/fr\/wp-json\/wp\/v2\/categories?post=143344"},{"taxonomy":"post_tag","embeddable":true,"href":"https:\/\/www.europesays.com\/fr\/wp-json\/wp\/v2\/tags?post=143344"}],"curies":[{"name":"wp","href":"https:\/\/api.w.org\/{rel}","templated":true}]}}