{"id":143346,"date":"2025-06-01T05:50:24","date_gmt":"2025-06-01T05:50:24","guid":{"rendered":"https:\/\/www.europesays.com\/fr\/143346\/"},"modified":"2025-06-01T05:50:24","modified_gmt":"2025-06-01T05:50:24","slug":"moefana-et-coleman-seuls-finalistes-de-la-champions-cup-alignes-par-lubb-contre-toulon","status":"publish","type":"post","link":"https:\/\/www.europesays.com\/fr\/143346\/","title":{"rendered":"Moefana et Coleman, seuls finalistes de la Champions Cup align\u00e9s par l\u2019UBB contre Toulon"},"content":{"rendered":"<p>Apr\u00e8s le sacre historique contre Northampton en Champions Cup, Yannick Bru et son staff ont proc\u00e9d\u00e9 \u00e0 une large rotation pour affronter le RCT.<\/p>\n<p class=\"fig-paragraph\">Le deuxi\u00e8me du Top 14 Bordeaux-B\u00e8gles, qui se rend chez son poursuivant imm\u00e9diat Toulon dimanche en cl\u00f4ture de la 25e journ\u00e9e, n&rsquo;alignera \u00e0 Mayol que deux titulaires\u00a0<a href=\"http:\/\/www.lefigaro.fr\/sports\/rugby\/coupe-d-europe\/champions-cup-de-rugby-l-ubb-remporte-son-premier-titre-europeen-face-a-northampton-20250524\" data-fig-type=\"NewsFlash\" data-gtm-custom-categorie=\"navigation\" data-gtm-custom-action=\"crossclick\" data-gtm-custom-label=\"Contextuel\" data-gtm-event=\"customEventSPE\" data-fig-domain=\"LEFIGARO\" target=\"_blank\" rel=\"noopener\">champions d&rsquo;Europe la semaine derni\u00e8re contre Northampton<\/a>,\u00a0<a href=\"http:\/\/www.lefigaro.fr\/sports\/rugby\/xv-de-france\/yoram-moefana-du-xv-de-france-j-ai-commence-un-travail-pour-etre-moins-timide-20241115\" data-fig-type=\"Article\" data-gtm-custom-categorie=\"navigation\" data-gtm-custom-action=\"crossclick\" data-gtm-custom-label=\"Contextuel\" data-gtm-event=\"customEventSPE\" data-fig-domain=\"LEFIGARO\" target=\"_blank\" rel=\"noopener\">Yoram Moefana<\/a>\u00a0et\u00a0<a href=\"http:\/\/www.lefigaro.fr\/sports\/rugby\/coupe-d-europe\/champions-cup-l-ubb-prend-date-une-deuxieme-ligne-de-mammouths-pollock-musele-les-coups-de-coeur-et-coups-de-griffe-de-notre-envoye-special-20250525\" data-fig-type=\"NewsFlash\" data-gtm-custom-categorie=\"navigation\" data-gtm-custom-action=\"crossclick\" data-gtm-custom-label=\"Contextuel\" data-gtm-event=\"customEventSPE\" data-fig-domain=\"LEFIGARO\" target=\"_blank\" rel=\"noopener\">Adam Coleman<\/a>. Apr\u00e8s son sacre continental, suivi de trois jours de f\u00eates, l&rsquo;UBB a repris l&rsquo;entra\u00eenement mercredi avec beaucoup de joueurs laiss\u00e9s au repos et d&rsquo;autres annonc\u00e9s forfait. Seuls Moefana au centre et l&rsquo;Australo-Tongien Coleman en 2e ligne encha\u00eeneront sur la Rade.<\/p>\n<p class=\"fig-paragraph\">Le demi de m\u00eal\u00e9e et capitaine Maxime Lucu, victime d&rsquo;une b\u00e9quille \u00e0 la cuisse gauche face aux Saints, ne devrait pas revenir avant la semaine prochaine. Son h\u00e9matome a grossi dans les heures qui ont suivi le succ\u00e8s de son \u00e9quipe et sa cuisse a m\u00eame doubl\u00e9 de volume pendant le vol retour de Cardiff. Lors de la parade des nouveaux champions d&rsquo;Europe dimanche dernier dans les rues de Bordeaux, le Basque s&rsquo;\u00e9tait pr\u00e9sent\u00e9 avec des b\u00e9quilles avant d&rsquo;\u00eatre conduit \u00e0 l&rsquo;h\u00f4pital o\u00f9 il est rest\u00e9 quelques heures en observation.<\/p>\n<p>    La compo de l\u2019UBB.<br \/>\n                Facebook<\/p>\n<p class=\"fig-paragraph\">Deux autres joueurs ont \u00e9t\u00e9 bless\u00e9s lors de cette finale, l&rsquo;arri\u00e8re Romain Buros qui souffre d&rsquo;une l\u00e9sion aux ischio-jambiers et le pilier droit Sipili Falatea \u00e0 l&rsquo;arr\u00eat pendant dix jours \u00e0 la suite d&rsquo;une commotion. De son c\u00f4t\u00e9, le pilier gauche Jefferson Poirot a \u00e9t\u00e9 suspendu deux semaines \u00e0 la suite de son altercation apr\u00e8s le coup de sifflet final avec le N.8 de Northampton Henry Pollock.<\/p>\n<p class=\"fig-paragraph\">L&rsquo;\u00e9quipe de Yannick Bru, remani\u00e9e, d\u00e9butera en premi\u00e8re ligne avec Ben Tameifuna, Connor Sa et Ugo Boniface, Pierre Bochaton et Bastien Vergnes en 3e ligne, qui \u00e9taient tous rempla\u00e7ants \u00e0 Cardiff. Lors de la mise en place samedi \u00e0 Moga, l&rsquo;ailier Damian Penaud, le centre Nicolas Depoortere et le talonneur Maxime Lamothe \u00e9taient pr\u00e9sents mais ils ne figurent pas dans le groupe retenu pour affronter le RCT.<\/p>\n","protected":false},"excerpt":{"rendered":"Apr\u00e8s le sacre historique contre Northampton en Champions Cup, Yannick Bru et son staff ont proc\u00e9d\u00e9 \u00e0 une&hellip;\n","protected":false},"author":2,"featured_media":143347,"comment_status":"","ping_status":"","sticky":false,"template":"","format":"standard","meta":{"footnotes":""},"categories":[9619],"tags":[1111,11,525,4590,1981,2313,814,1777,674,1011,27,955,12,4589,882,2311,3461,25,1980,479,10405,2259,478,2310,2312,4364,7974],"class_list":{"0":"post-143346","1":"post","2":"type-post","3":"status-publish","4":"format-standard","5":"has-post-thumbnail","7":"category-toulon","8":"tag-actu","9":"tag-actualites","10":"tag-calendrier","11":"tag-championnat-france","12":"tag-classement","13":"tag-clermont","14":"tag-direct","15":"tag-eu","16":"tag-europe","17":"tag-fr","18":"tag-france","19":"tag-match","20":"tag-news","21":"tag-phase-finale","22":"tag-provence-alpes-cote-dazur","23":"tag-racing","24":"tag-rct","25":"tag-republique-francaise","26":"tag-resultats","27":"tag-rugby","28":"tag-rugby-club-toulonnais","29":"tag-score","30":"tag-top-14","31":"tag-toulon","32":"tag-toulouse","33":"tag-ubb","34":"tag-union-bordeaux-begles"},"share_on_mastodon":{"url":"https:\/\/pubeurope.com\/@fr\/114606546846985222","error":""},"_links":{"self":[{"href":"https:\/\/www.europesays.com\/fr\/wp-json\/wp\/v2\/posts\/143346","targetHints":{"allow":["GET"]}}],"collection":[{"href":"https:\/\/www.europesays.com\/fr\/wp-json\/wp\/v2\/posts"}],"about":[{"href":"https:\/\/www.europesays.com\/fr\/wp-json\/wp\/v2\/types\/post"}],"author":[{"embeddable":true,"href":"https:\/\/www.europesays.com\/fr\/wp-json\/wp\/v2\/users\/2"}],"replies":[{"embeddable":true,"href":"https:\/\/www.europesays.com\/fr\/wp-json\/wp\/v2\/comments?post=143346"}],"version-history":[{"count":0,"href":"https:\/\/www.europesays.com\/fr\/wp-json\/wp\/v2\/posts\/143346\/revisions"}],"wp:featuredmedia":[{"embeddable":true,"href":"https:\/\/www.europesays.com\/fr\/wp-json\/wp\/v2\/media\/143347"}],"wp:attachment":[{"href":"https:\/\/www.europesays.com\/fr\/wp-json\/wp\/v2\/media?parent=143346"}],"wp:term":[{"taxonomy":"category","embeddable":true,"href":"https:\/\/www.europesays.com\/fr\/wp-json\/wp\/v2\/categories?post=143346"},{"taxonomy":"post_tag","embeddable":true,"href":"https:\/\/www.europesays.com\/fr\/wp-json\/wp\/v2\/tags?post=143346"}],"curies":[{"name":"wp","href":"https:\/\/api.w.org\/{rel}","templated":true}]}}