{"id":143351,"date":"2025-06-01T05:53:58","date_gmt":"2025-06-01T05:53:58","guid":{"rendered":"https:\/\/www.europesays.com\/fr\/143351\/"},"modified":"2025-06-01T05:53:58","modified_gmt":"2025-06-01T05:53:58","slug":"villedieu-les-poeles-rouffigny-un-spectacle-propose-par-le-comite-des-fetes","status":"publish","type":"post","link":"https:\/\/www.europesays.com\/fr\/143351\/","title":{"rendered":"Villedieu-les-Po\u00eales-Rouffigny. Un spectacle propos\u00e9 par le comit\u00e9 des f\u00eates"},"content":{"rendered":"<p>Le comit\u00e9 des f\u00eates innove dans son programme en proposant dimanche 1er\u00a0juin \u00e0 16\u00a0h, un spectacle humoristique du trio havrais Les Improbables \u00e0 la salle des f\u00eates. Cette compagnie professionnelle a vu le jour en 2004 et a particip\u00e9 \u00e0 de nombreux \u00e9v\u00e9nements nationaux et internationaux d\u2019improvisation. Isma\u00ebl Habia, l\u2019un des membres du groupe a \u00e9t\u00e9 champion du monde \u00e0 plusieurs reprises\u00a0: 2008 et 2014 \u00e0 Gen\u00e8ve, 2015 et 2017 \u00e0 la Bourse du travail de Lyon. Le spectacle dure 1\u00a0h\u00a030 \u00e0 2\u00a0h. L\u2019entr\u00e9e est fix\u00e9e \u00e0 5\u00a0\u20ac et est gratuite pour les moins de 12\u00a0ans. La billetterie est ouverte \u00e0 l\u2019office de tourisme.<\/p>\n<p>Un \u00e9t\u00e9 tr\u00e8s festif<\/p>\n<p>Les Mardis de l\u2019\u00e9t\u00e9, animation phare du comit\u00e9 des f\u00eates, avec des concerts gratuits place de la R\u00e9publique, seront \u00e9tal\u00e9s sur huit dates cette ann\u00e9e. Coup d\u2019envoi le 8\u00a0juillet avec Long Avenue\u00a0; le 16, Nathalie Drey\u00a0; le 22, \u00c9tincelle\u00a0; le 28, Les Tontons. En ao\u00fbt, le 5, ann\u00e9es 80-90 avec le DJ Yves Guillard\u00a0; le 12, Wade Lynch\u00a0; le 19, Les Indecibels\u00a0; le 26, cl\u00f4ture des Mardis de l\u2019\u00e9t\u00e9 2025 avec l\u2019accord\u00e9oniste normand Emilio Corfa.<\/p>\n<p>Pour cette derni\u00e8re soir\u00e9e, le comit\u00e9 des f\u00eates sugg\u00e8re au public de se v\u00eatir d\u2019une tenue blanche.<\/p>\n<p>Le folklore international, en partenariat avec le Mondial folk de Ploz\u00e9vet, se d\u00e9roulera d\u00e9sormais sur deux soir\u00e9es \u00e0 la salle des f\u00eates. Le mercredi 13\u00a0ao\u00fbt, c\u2019est un groupe slovaque (27\u00a0personnes) qui montera sur sc\u00e8ne et jeudi\u00a014, un ensemble portugais (35\u00a0personnes). \u00a0Les artistes seront log\u00e9s \u00e0 l\u2019institut Saint Joseph, ce qui facilitera le travail des b\u00e9n\u00e9voles\u00a0\u00bb, pr\u00e9cise S\u00e9bastien Cordon le pr\u00e9sident du comit\u00e9 des f\u00eates.<\/p>\n<p>Nouveau format de f\u00eate civile\u00a0?<\/p>\n<p>\u00c0 Villedieu, la f\u00eate civile a lieu tous les quatre ans. La prochaine est fix\u00e9e en ao\u00fbt\u00a02026. D\u2019abord Corso Fleuri, elle s\u2019est transform\u00e9e depuis 2014 en Po\u00eal\u00e9e de Zik. \u00a0Nous cherchons un nouveau format car la Po\u00eal\u00e9e de Zik enti\u00e8rement d\u00e9di\u00e9e aux groupes musicaux suit de pr\u00e8s la f\u00eate de la musique de l\u2019union commerciale. Une r\u00e9flexion est en cours avec les quartiers pour un concept qui impliquerait davantage les habitants de Villedieu. Une premi\u00e8re r\u00e9union a eu lieu en mars. La seconde est fix\u00e9e en septembre.\u00a0<\/p>\n<p>\u00a0<\/p>\n","protected":false},"excerpt":{"rendered":"Le comit\u00e9 des f\u00eates innove dans son programme en proposant dimanche 1er\u00a0juin \u00e0 16\u00a0h, un spectacle humoristique du&hellip;\n","protected":false},"author":2,"featured_media":143352,"comment_status":"","ping_status":"","sticky":false,"template":"","format":"standard","meta":{"footnotes":""},"categories":[9587],"tags":[1111,11,9639,1777,674,14537,1011,27,12,5161,6088,25,9590,13662,3140,27143],"class_list":{"0":"post-143351","1":"post","2":"type-post","3":"status-publish","4":"format-standard","5":"has-post-thumbnail","7":"category-rouen","8":"tag-actu","9":"tag-actualites","10":"tag-comite","11":"tag-eu","12":"tag-europe","13":"tag-fetes","14":"tag-fr","15":"tag-france","16":"tag-news","17":"tag-normandie","18":"tag-propose","19":"tag-republique-francaise","20":"tag-rouen","21":"tag-saint-lo","22":"tag-spectacle","23":"tag-villedieu-les-poeles-rouffigny"},"share_on_mastodon":{"url":"https:\/\/pubeurope.com\/@fr\/114606562580606632","error":""},"_links":{"self":[{"href":"https:\/\/www.europesays.com\/fr\/wp-json\/wp\/v2\/posts\/143351","targetHints":{"allow":["GET"]}}],"collection":[{"href":"https:\/\/www.europesays.com\/fr\/wp-json\/wp\/v2\/posts"}],"about":[{"href":"https:\/\/www.europesays.com\/fr\/wp-json\/wp\/v2\/types\/post"}],"author":[{"embeddable":true,"href":"https:\/\/www.europesays.com\/fr\/wp-json\/wp\/v2\/users\/2"}],"replies":[{"embeddable":true,"href":"https:\/\/www.europesays.com\/fr\/wp-json\/wp\/v2\/comments?post=143351"}],"version-history":[{"count":0,"href":"https:\/\/www.europesays.com\/fr\/wp-json\/wp\/v2\/posts\/143351\/revisions"}],"wp:featuredmedia":[{"embeddable":true,"href":"https:\/\/www.europesays.com\/fr\/wp-json\/wp\/v2\/media\/143352"}],"wp:attachment":[{"href":"https:\/\/www.europesays.com\/fr\/wp-json\/wp\/v2\/media?parent=143351"}],"wp:term":[{"taxonomy":"category","embeddable":true,"href":"https:\/\/www.europesays.com\/fr\/wp-json\/wp\/v2\/categories?post=143351"},{"taxonomy":"post_tag","embeddable":true,"href":"https:\/\/www.europesays.com\/fr\/wp-json\/wp\/v2\/tags?post=143351"}],"curies":[{"name":"wp","href":"https:\/\/api.w.org\/{rel}","templated":true}]}}