{"id":143361,"date":"2025-06-01T05:59:43","date_gmt":"2025-06-01T05:59:43","guid":{"rendered":"https:\/\/www.europesays.com\/fr\/143361\/"},"modified":"2025-06-01T05:59:43","modified_gmt":"2025-06-01T05:59:43","slug":"pres-de-rennes-un-chasseur-de-65-ans-tue-par-arme-a-feu-cette-nuit-2","status":"publish","type":"post","link":"https:\/\/www.europesays.com\/fr\/143361\/","title":{"rendered":"Pr\u00e8s de Rennes, un chasseur de 65\u00a0ans tu\u00e9 par arme \u00e0 feu cette nuit"},"content":{"rendered":"<p>Les pompiers sont intervenus vendredi 30\u00a0mai 2025, peu apr\u00e8s 23\u00a0h, dans la commune de Langou\u00ebt (Ille-et-Vilaine). Un chasseur de 65\u00a0ans a \u00e9t\u00e9 tu\u00e9 par arme \u00e0 feu au lieu-dit La Motte-du-Tertre, sur un terrain \u00e0 l\u2019\u00e9cart de la route. Il est d\u00e9c\u00e9d\u00e9 sur place malgr\u00e9 l\u2019intervention des secours.<\/p>\n<p>Selon nos informations, la victime \u00e9tait avec un autre chasseur de 76\u00a0ans et aurait re\u00e7u un coup de fusil. Les circonstances du drame ne sont pas connues ce samedi matin.<\/p>\n<p>\u00a0<\/p>\n","protected":false},"excerpt":{"rendered":"Les pompiers sont intervenus vendredi 30\u00a0mai 2025, peu apr\u00e8s 23\u00a0h, dans la commune de Langou\u00ebt (Ille-et-Vilaine). Un chasseur&hellip;\n","protected":false},"author":2,"featured_media":143033,"comment_status":"","ping_status":"","sticky":false,"template":"","format":"standard","meta":{"footnotes":""},"categories":[2821],"tags":[27103,1111,11,1438,1764,10268,829,14225,1777,674,1312,1011,27,12,293,3762,584,25,5911],"class_list":{"0":"post-143361","1":"post","2":"type-post","3":"status-publish","4":"format-standard","5":"has-post-thumbnail","7":"category-rennes","8":"tag-27103","9":"tag-actu","10":"tag-actualites","11":"tag-angers","12":"tag-ans","13":"tag-arme","14":"tag-bretagne","15":"tag-chasseur","16":"tag-eu","17":"tag-europe","18":"tag-feu","19":"tag-fr","20":"tag-france","21":"tag-news","22":"tag-nuit","23":"tag-pres","24":"tag-rennes","25":"tag-republique-francaise","26":"tag-tue"},"share_on_mastodon":{"url":"https:\/\/pubeurope.com\/@fr\/114606582242856900","error":""},"_links":{"self":[{"href":"https:\/\/www.europesays.com\/fr\/wp-json\/wp\/v2\/posts\/143361","targetHints":{"allow":["GET"]}}],"collection":[{"href":"https:\/\/www.europesays.com\/fr\/wp-json\/wp\/v2\/posts"}],"about":[{"href":"https:\/\/www.europesays.com\/fr\/wp-json\/wp\/v2\/types\/post"}],"author":[{"embeddable":true,"href":"https:\/\/www.europesays.com\/fr\/wp-json\/wp\/v2\/users\/2"}],"replies":[{"embeddable":true,"href":"https:\/\/www.europesays.com\/fr\/wp-json\/wp\/v2\/comments?post=143361"}],"version-history":[{"count":0,"href":"https:\/\/www.europesays.com\/fr\/wp-json\/wp\/v2\/posts\/143361\/revisions"}],"wp:featuredmedia":[{"embeddable":true,"href":"https:\/\/www.europesays.com\/fr\/wp-json\/wp\/v2\/media\/143033"}],"wp:attachment":[{"href":"https:\/\/www.europesays.com\/fr\/wp-json\/wp\/v2\/media?parent=143361"}],"wp:term":[{"taxonomy":"category","embeddable":true,"href":"https:\/\/www.europesays.com\/fr\/wp-json\/wp\/v2\/categories?post=143361"},{"taxonomy":"post_tag","embeddable":true,"href":"https:\/\/www.europesays.com\/fr\/wp-json\/wp\/v2\/tags?post=143361"}],"curies":[{"name":"wp","href":"https:\/\/api.w.org\/{rel}","templated":true}]}}