{"id":143362,"date":"2025-06-01T06:00:15","date_gmt":"2025-06-01T06:00:15","guid":{"rendered":"https:\/\/www.europesays.com\/fr\/143362\/"},"modified":"2025-06-01T06:00:15","modified_gmt":"2025-06-01T06:00:15","slug":"le-theatre-dans-la-peau-dune-spectatrice-non-voyante","status":"publish","type":"post","link":"https:\/\/www.europesays.com\/fr\/143362\/","title":{"rendered":"le th\u00e9\u00e2tre dans la peau d\u2019une spectatrice non voyante"},"content":{"rendered":"<p>Assister \u00e0 une pi\u00e8ce de th\u00e9\u00e2tre ou un concert en ayant un sens qui dysfonctionne, est-ce que \u00e7a a un int\u00e9r\u00eat\u00a0? C\u2019est avec cette question en t\u00eate que je me suis rendue \u00e0 l\u2019exp\u00e9rience que m\u2019a propos\u00e9e le TJP\u00a0: visiter un d\u00e9cor puis suivre <a href=\"https:\/\/www.dna.fr\/culture-loisirs\/2025\/01\/09\/une-adaptation-theatrale-de-croire-aux-fauves-de-l-anthropologue-nastassja-martin\" target=\"_blank\" rel=\"nofollow noopener\">la pi\u00e8ce <\/a><a href=\"https:\/\/www.dna.fr\/culture-loisirs\/2025\/01\/09\/une-adaptation-theatrale-de-croire-aux-fauves-de-l-anthropologue-nastassja-martin\" target=\"_blank\" rel=\"nofollow noopener\">Croire aux fauves<\/a> en ayant les yeux band\u00e9s \u00e0 l\u2019occasion d\u2019une s\u00e9ance en audiodescription.<\/p>\n<p>Visite tactile\u00a0: des doigts \u00e0 la place des yeux<\/p>\n<p>Il est \u00e9vident qu\u2019\u00eatre une personne voyante avec les yeux band\u00e9s et une personne mal ou non-voyante sont des choses tr\u00e8s diff\u00e9rentes. Je n\u2019ai ni l\u2019habitude, ni leurs r\u00e9flexes, ni leur sensibilit\u00e9, mais j\u2019ai voulu comprendre au plus pr\u00e8s l\u2019importance des dispositifs d\u2019accessibilit\u00e9 adopt\u00e9s par&#8230;<\/p>\n","protected":false},"excerpt":{"rendered":"Assister \u00e0 une pi\u00e8ce de th\u00e9\u00e2tre ou un concert en ayant un sens qui dysfonctionne, est-ce que \u00e7a&hellip;\n","protected":false},"author":2,"featured_media":143363,"comment_status":"","ping_status":"","sticky":false,"template":"","format":"standard","meta":{"footnotes":""},"categories":[2820],"tags":[1111,11,2880,2878,1777,674,1011,27,775,1943,12,25,3140,640,2879],"class_list":{"0":"post-143362","1":"post","2":"type-post","3":"status-publish","4":"format-standard","5":"has-post-thumbnail","7":"category-strasbourg","8":"tag-actu","9":"tag-actualites","10":"tag-edition-strasbourg","11":"tag-encadre","12":"tag-eu","13":"tag-europe","14":"tag-fr","15":"tag-france","16":"tag-grand-est","17":"tag-handicap","18":"tag-news","19":"tag-republique-francaise","20":"tag-spectacle","21":"tag-strasbourg","22":"tag-strasbourg-ville"},"share_on_mastodon":{"url":"https:\/\/pubeurope.com\/@fr\/114606586173945453","error":""},"_links":{"self":[{"href":"https:\/\/www.europesays.com\/fr\/wp-json\/wp\/v2\/posts\/143362","targetHints":{"allow":["GET"]}}],"collection":[{"href":"https:\/\/www.europesays.com\/fr\/wp-json\/wp\/v2\/posts"}],"about":[{"href":"https:\/\/www.europesays.com\/fr\/wp-json\/wp\/v2\/types\/post"}],"author":[{"embeddable":true,"href":"https:\/\/www.europesays.com\/fr\/wp-json\/wp\/v2\/users\/2"}],"replies":[{"embeddable":true,"href":"https:\/\/www.europesays.com\/fr\/wp-json\/wp\/v2\/comments?post=143362"}],"version-history":[{"count":0,"href":"https:\/\/www.europesays.com\/fr\/wp-json\/wp\/v2\/posts\/143362\/revisions"}],"wp:featuredmedia":[{"embeddable":true,"href":"https:\/\/www.europesays.com\/fr\/wp-json\/wp\/v2\/media\/143363"}],"wp:attachment":[{"href":"https:\/\/www.europesays.com\/fr\/wp-json\/wp\/v2\/media?parent=143362"}],"wp:term":[{"taxonomy":"category","embeddable":true,"href":"https:\/\/www.europesays.com\/fr\/wp-json\/wp\/v2\/categories?post=143362"},{"taxonomy":"post_tag","embeddable":true,"href":"https:\/\/www.europesays.com\/fr\/wp-json\/wp\/v2\/tags?post=143362"}],"curies":[{"name":"wp","href":"https:\/\/api.w.org\/{rel}","templated":true}]}}