{"id":143366,"date":"2025-06-01T06:02:09","date_gmt":"2025-06-01T06:02:09","guid":{"rendered":"https:\/\/www.europesays.com\/fr\/143366\/"},"modified":"2025-06-01T06:02:09","modified_gmt":"2025-06-01T06:02:09","slug":"spectacle-de-drones-parade-en-mer-expositions-comment-profiter-du-sommet-de-locean-a-nice","status":"publish","type":"post","link":"https:\/\/www.europesays.com\/fr\/143366\/","title":{"rendered":"Spectacle de drones, parade en mer, expositions&#8230; Comment profiter du Sommet de l\u2019Oc\u00e9an \u00e0 Nice"},"content":{"rendered":"<p>L\u2019Unoc, \u00e9v\u00e8nement participatif. C\u2019est un souhait de l\u2019ONU: associer la soci\u00e9t\u00e9 civile aux r\u00e9flexions men\u00e9es sur les probl\u00e9matiques li\u00e9es \u00e0 l\u2019avenir des mers et des oc\u00e9ans. De (tr\u00e8s) nombreux \u00e9v\u00e9nements sont donc programm\u00e9s \u00e0 Nice, ouverts au public et gratuits. Voici une s\u00e9lection non exhaustive.<\/p>\n<p>Une soir\u00e9e festive, le 6 juin<\/p>\n<p>L\u2019Unoc est un sommet au combien s\u00e9rieux et crucial pour l\u2019avenir de la plan\u00e8te. Mais \u00e7a n\u2019emp\u00eache pas de c\u00e9l\u00e9brer la tenue de l\u2019\u00e9v\u00e9nement en terres ni\u00e7oises. La Ville a donc choisi d\u2019offrir une soir\u00e9e festive aux habitants et aux visiteurs. Elle se d\u00e9roulera le vendredi 6 juin. D\u00e8s 20h30, deux DJ, Cassius et Agoria, ambianceront la foule depuis le toit des Ponchettes: chacun son r\u00e9pertoire et un set en back-to-back (c\u2019est-\u00e0-dire \u00e0 quatre mains). Le public pourra danser en contrebas sur le quai des Etats-Unis. Ensuite, on braquera ses mirettes vers le ciel pour un spectacle de drones (\u00e0 22h45). Un v\u00e9ritable essaim puisque 2025 engins s\u2019\u00e9l\u00e8veront dans les cieux pour ce ballet lumineux. Pas de quoi faire peur \u00e0 la start-up fran\u00e7aise \u00e0 la man\u0153uvre, Dronisos, reconnue au niveau international pour son expertise en la mati\u00e8re, qui peut se targuer d\u2019avoir d\u00e9j\u00e0 fait voler 5000 drones en simultan\u00e9 en ext\u00e9rieur. Cette fois, c\u2019est diff\u00e9rent car il est question de battre le record de France et d\u2019Europe de la plus grande flotte avec 2025 appareils en public. O\u00f9 se positionner pour bien voir? En haut de la promenade des Anglais: le show sera tir\u00e9 au-dessus de la mer, en regardant vers l\u2019a\u00e9roport.<\/p>\n<p><b>Journ\u00e9e mondiale des oc\u00e9ans et parade des bateaux, le 8 juin<\/b><\/p>\n<p>Il aurait \u00e9t\u00e9 inconcevable de ne pas avoir de spectacle sur l\u2019eau pour ce sommet de l\u2019Oc\u00e9an. Le 8 juin marque la Journ\u00e9e mondiale des Oc\u00e9ans (World Ocean Day) au cours de laquelle sera donn\u00e9e une attention particuli\u00e8re aux peuples de l\u2019Oc\u00e9an, en pr\u00e9sence des principaux acteurs de la soci\u00e9t\u00e9 civile oc\u00e9anique mondiale. Apr\u00e8s le Grand Bain universel, les fanfares maritimes, de nombreuses animations et rencontres \u00e0 terre comme en mer, la journ\u00e9e sera marqu\u00e9e par une rencontre entre les leaders de l\u2019oc\u00e9an. Quel int\u00e9r\u00eat pour le public? Il va pouvoir assister \u00e0 la grande parade maritime des Nations constitu\u00e9e de diff\u00e9rents bateaux scientifiques, de recherche oc\u00e9anographique ou exemplaires (bateaux \u00e9coles, b\u00e2timents historiques&#8230;). L\u2019\u00e9v\u00e9nement se d\u00e9roule en trois temps. D\u00e8s 11h \u00e0 Antibes, une flotte classique forte de 65 des plus beaux voiliers de r\u00e9gate du circuit des comp\u00e9titions de voile classique de M\u00e9diterran\u00e9e courront la World Ocean Day Race le long de la c\u00f4te. A 14h30, c\u2019est dans la rade de Villefranche-sur-Mer que la flotte de tradition s\u2019\u00e9lancera, avec une vingtaine de pointus ainsi qu\u2019une yole \u00e0 voile de Martinique et une yole \u00e0 rame villefranchoise. Enfin, les curieux pourront se poser sur le quai des Etats-Unis et la promenade des Anglais pour assister, d\u00e8s 15 heures, au d\u00e9fil\u00e9 d\u2019une trentaine de navires de 12,50 \u00e0 98m\u00e8tres constituant la flotte moderne. En somme, les plus beaux bateaux du monde seront rassembl\u00e9s sous nos yeux.<\/p>\n<p><b>Des expos \u00e0 foison<\/b><\/p>\n<p>Cette ann\u00e9e, la Biennale des arts s\u2019ouvre \u00e0 la th\u00e9matique de l\u2019oc\u00e9an. Ainsi, plusieurs propositions artistiques sont \u00e0 voir dans les mus\u00e9es de la ville et dans l\u2019espace public. Parmi elles, \u00ab\u00a0Nice, du rivage \u00e0 la mer\u00a0\u00bb \u00e0 la villa Mass\u00e9na qui explore les relations que Nice a entretenues, tout au long de son histoire, avec la M\u00e9diterran\u00e9e; \u00ab\u00a0Matisse M\u00e9diterran\u00e9e (s)\u00a0\u00bb au mus\u00e9e Matisse avec des toiles peu montr\u00e9es jusqu\u2019\u00e0 pr\u00e9sent de l\u2019artiste; mais aussi \u00ab\u00a0La zone de minuit\u00a0\u00bb: cette fois Ugo Schiavi investit la grande halle des anciens abattoirs avec une installation tentaculaire sur le monde des abysses.<\/p>\n<p>Par ailleurs, sur la promenade des Anglais, face au Centre universitaire M\u00e9diterran\u00e9en, s\u2019affichent les \u0153uvres visionnaires des laur\u00e9ats des prix de la Fondation Jacques Rougerie, qui imaginent des solutions audacieuses pour l\u2019avenir des oc\u00e9ans et de l\u2019espace.<\/p>\n<p>Sur l\u2019esplanade de la Bourgada, ce sont les photographies naturalistes de Greg Lecoeur et Olivier Anrigo qui donnent \u00e0 voir \u00ab\u00a0l\u2019oc\u00e9an vivant\u00a0\u00bb, en r\u00e9v\u00e8lent la beaut\u00e9 et la fragilit\u00e9.Toujours en photo, l\u2019espace culturel d\u00e9partemental Lympia laissera ses cimaises pour les clich\u00e9s sous-marins d\u2019Hussain Aga Khan pour l\u2019exposition \u00ab\u00a0Fragile Ocean\u00a0\u00bb. Le prince Hussain a fond\u00e9 en 2014 Focused on Nature pour sensibiliser \u00e0 la n\u00e9cessit\u00e9 et \u00e0 l\u2019urgence de prot\u00e9ger les \u00e9cosyst\u00e8mes fragiles et menac\u00e9s.<\/p>\n<p><b>Journ\u00e9e d\u2019\u00e9tude du Haut Conseil local au climat et \u00e0 la biodiversit\u00e9<\/b><\/p>\n<p>Des personnalit\u00e9s viennent \u00e0 la rencontre du public pour explorer les enjeux du changement climatique et donner des solutions d\u2019adaptation. Erik Orsenna, acad\u00e9micien et Jacques Rougerie, architecte oc\u00e9anographe, pr\u00e9senteront leurs visions pour b\u00e2tir le futur de nos civilisations. La journ\u00e9e se d\u00e9roule au Centre Universitaire M\u00e9diterran\u00e9en (65, promenade des Anglais), le jeudi 12 juin \u00e0 partir de 9 heures. Inscription (gratuite) en ligne sur web.nice.fr.<\/p>\n<p><b>Une \u00ab\u00a0marche bleue\u00a0\u00bb<\/b><\/p>\n<p>Seas at risk, une association d\u2019organisations de d\u00e9fense de l\u2019environnement proposent une marche bleue, ouverte \u00e0 tous, pour \u00ab\u00a0appeler un changement de paradigme o\u00f9 la protection de l\u2019oc\u00e9an devient la norme et non plus l\u2019exception\u00a0\u00bb. Le d\u00e9part sera donn\u00e9 \u00e0 17 heures, samedi 7 juin, depuis la plage Lenval et le cort\u00e8ge rejoindra la plage du Centenaire. Le mot d\u2019ordre: porter des v\u00eatements bleus. Rens. bluemarch2025.org<\/p>\n<p><b>Une conf\u00e9rence et des perspectives<\/b><\/p>\n<p>\u00ab\u00a0Oc\u00e9ans sans plastique: l\u2019heure du sursaut\u00a0\u00bb Le titre de la conf\u00e9rence est limpide, \u00ab\u00a0Oc\u00e9ans sans plastique: l\u2019heure du sursaut mondial et des solutions locales\u00a0\u00bb. Le postulat des organisateurs, Reloop et Wings of The Ocean est simple: \u00ab\u00a0La M\u00e9diterran\u00e9e est aujourd\u2019hui l\u2019une des mers les plus pollu\u00e9es au monde. Le plastique y repr\u00e9sente 47% des d\u00e9chets marins, selon les donn\u00e9es de terrain collect\u00e9es par Wings of the Ocean. Des solutions existent, et cette conf\u00e9rence r\u00e9unira plusieurs parties prenantes engag\u00e9es pour en d\u00e9battre.\u00a0\u00bb Le 5 juin d\u00e8s 18h15, au Caf\u00e9 du Cycliste (16 quai des Docks), inscription par mail \u00e0 evenement@reloopplatform.org.<\/p>\n<p>\u00a0<\/p>\n","protected":false},"excerpt":{"rendered":"L\u2019Unoc, \u00e9v\u00e8nement participatif. C\u2019est un souhait de l\u2019ONU: associer la soci\u00e9t\u00e9 civile aux r\u00e9flexions men\u00e9es sur les probl\u00e9matiques&hellip;\n","protected":false},"author":2,"featured_media":143367,"comment_status":"","ping_status":"","sticky":false,"template":"","format":"standard","meta":{"footnotes":""},"categories":[2819],"tags":[1111,11,436,1777,674,1011,27,12,2401,882,25],"class_list":{"0":"post-143366","1":"post","2":"type-post","3":"status-publish","4":"format-standard","5":"has-post-thumbnail","7":"category-nice","8":"tag-actu","9":"tag-actualites","10":"tag-environnement","11":"tag-eu","12":"tag-europe","13":"tag-fr","14":"tag-france","15":"tag-news","16":"tag-nice","17":"tag-provence-alpes-cote-dazur","18":"tag-republique-francaise"},"share_on_mastodon":{"url":"https:\/\/pubeurope.com\/@fr\/114606594011087547","error":""},"_links":{"self":[{"href":"https:\/\/www.europesays.com\/fr\/wp-json\/wp\/v2\/posts\/143366","targetHints":{"allow":["GET"]}}],"collection":[{"href":"https:\/\/www.europesays.com\/fr\/wp-json\/wp\/v2\/posts"}],"about":[{"href":"https:\/\/www.europesays.com\/fr\/wp-json\/wp\/v2\/types\/post"}],"author":[{"embeddable":true,"href":"https:\/\/www.europesays.com\/fr\/wp-json\/wp\/v2\/users\/2"}],"replies":[{"embeddable":true,"href":"https:\/\/www.europesays.com\/fr\/wp-json\/wp\/v2\/comments?post=143366"}],"version-history":[{"count":0,"href":"https:\/\/www.europesays.com\/fr\/wp-json\/wp\/v2\/posts\/143366\/revisions"}],"wp:featuredmedia":[{"embeddable":true,"href":"https:\/\/www.europesays.com\/fr\/wp-json\/wp\/v2\/media\/143367"}],"wp:attachment":[{"href":"https:\/\/www.europesays.com\/fr\/wp-json\/wp\/v2\/media?parent=143366"}],"wp:term":[{"taxonomy":"category","embeddable":true,"href":"https:\/\/www.europesays.com\/fr\/wp-json\/wp\/v2\/categories?post=143366"},{"taxonomy":"post_tag","embeddable":true,"href":"https:\/\/www.europesays.com\/fr\/wp-json\/wp\/v2\/tags?post=143366"}],"curies":[{"name":"wp","href":"https:\/\/api.w.org\/{rel}","templated":true}]}}