{"id":143377,"date":"2025-06-01T06:10:08","date_gmt":"2025-06-01T06:10:08","guid":{"rendered":"https:\/\/www.europesays.com\/fr\/143377\/"},"modified":"2025-06-01T06:10:08","modified_gmt":"2025-06-01T06:10:08","slug":"toulouse-metropole-va-distribuer-gratuitement-30-000-kits-de-ce-type-a-quoi-servent-ils","status":"publish","type":"post","link":"https:\/\/www.europesays.com\/fr\/143377\/","title":{"rendered":"Toulouse M\u00e9tropole va distribuer gratuitement 30 000 kits de ce type : \u00e0 quoi servent-ils?"},"content":{"rendered":"<p>            Par<br \/>\n        <strong><br \/>\n            <a href=\"https:\/\/actu.fr\/auteur\/david-saint-sernin\" title=\"Consulter tous les articles de David Saint-Sernin\" rel=\"nofollow noopener\" target=\"_blank\">David Saint-Sernin<\/a><br \/>\n        <\/strong><\/p>\n<p>        Publi\u00e9 le<\/p>\n<p>            1 juin 2025 \u00e0 7h56        <\/p>\n<p>C\u2019est une aide qui a d\u00e9marr\u00e9 en 2023 et va se poursuivre d\u00e8s ce mois de juin. Apr\u00e8s en avoir distribu\u00e9 5000 en 2023, puis 30000 en 2024, <strong>Toulouse M\u00e9tropole<\/strong> relance une <a href=\"https:\/\/actu.fr\/occitanie\/toulouse_31555\/toulouse-30-000-nouveaux-kits-d-economies-d-eau-distribues-gratuitement_60905518.html\" rel=\"nofollow noopener\" target=\"_blank\">campagne de distribution des kits \u00e9conomiseurs d\u2019eau<\/a> (ou ecobox). Chacun peut en faire<a href=\"https:\/\/metropole.toulouse.fr\/demarches\/demander-un-kit-economiseur-deau\" rel=\"nofollow noopener\" target=\"_blank\"> la demande en ligne<\/a>. Le kit est gratuit et livr\u00e9 \u00e0 domicile.<\/p>\n<p>\u00ab\u2009Ils r\u00e9duisent la consommation de 30\u2009%\u2009\u00bb<\/p>\n<p class=\" wall-content\">\u00ab\u2009Ce kit \u00e9conomiseur d\u2019eau se compose d\u2019un r\u00e9ducteur de d\u00e9bit pour douche, d\u2019un mousseur pour robinet de cuisine, d\u2019un mousseur pour robinet de salle de bain et d\u2019un sac \u00e9conomiseur d\u2019eau pour la chasse d\u2019eau des toilettes\u2009\u00bb, rappelle Toulouse M\u00e9tropole.<\/p>\n<p class=\" wall-content\">\u00ab\u2009Leur installation contribue \u00e0 faire baisser le d\u00e9bit d\u2019eau, r\u00e9duisant la consommation de 30\u2009%. Cette d\u00e9marche vertueuse, accompagn\u00e9e d\u2019une sensibilisation aux \u00e9co-gestes, contribue \u00e0 r\u00e9duire la consommation d\u2019eau au moment o\u00f9 elle se fait plus rare, simultan\u00e9ment <a href=\"https:\/\/actu.fr\/occitanie\/toulouse_31555\/toulouse-derniers-jours-avant-l-augmentation-du-tarif-estival-de-l-eau_62686642.html\" rel=\"nofollow noopener\" target=\"_blank\">\u00e0 son passage au tarif d\u2019\u00e9t\u00e9,<\/a> du 1er\u00a0juin au 31\u00a0octobre\u2009\u00bb, poursuit la collectivit\u00e9 qui aura distribu\u00e9<strong> 90\u2009000 kits<\/strong> quand la premi\u00e8re phase de d\u00e9ploiement sera termin\u00e9e en 2026.<\/p>\n<p>Tarif saisonnier depuis ce dimanche<\/p>\n<p class=\" wall-content\">Pour rappel, depuis ce dimanche 1er\u00a0juin 2025, les Toulousains des 37\u00a0communes de l\u2019agglom\u00e9ration sont concern\u00e9s par la hausse saisonni\u00e8re du tarif de l\u2019eau. Ils ont pay\u00e9 2,58\u00a0euros le m3 entre novembre et juin, soit un tarif en dessous du tarif habituel ces derni\u00e8res ann\u00e9es. Le prix affich\u00e9 sur la facture sera de 4,40\u00a0euros le m3 du 1er\u00a0juin au 31\u00a0octobre 2025, donc plus cher que le tarif des ann\u00e9es pr\u00e9c\u00e9dentes pour cette p\u00e9riode.<\/p>\n<p class=\" wall-content\">Pour rappel, c\u2019est en 2024, que Toulouse M\u00e9tropole a act\u00e9 un tarif saisonnier sur cinq mois afin de raisonner la consommation en eau des habitants de la M\u00e9tropole.<\/p>\n<p class=\" wall-content\">Suivez toute l\u2019actualit\u00e9 de vos villes et m\u00e9dias favoris en vous inscrivant \u00e0 <a href=\"https:\/\/moncompte.actu.fr\" title=\"D\u00e9couvez Mon Actu\" rel=\"nofollow noopener\" data-trk=\"{&quot;cta&quot;:{&quot;action&quot;:&quot;https:\\\/\\\/moncompte.actu.fr&quot;,&quot;category&quot;:&quot;mon compte&quot;,&quot;from&quot;:&quot;article footer&quot;,&quot;name&quot;:&quot;Mon actu&quot;,&quot;type&quot;:&quot;cta&quot;}}\" target=\"_blank\">Mon Actu<\/a>.<\/p>\n","protected":false},"excerpt":{"rendered":"Par David Saint-Sernin Publi\u00e9 le 1 juin 2025 \u00e0 7h56 C\u2019est une aide qui a d\u00e9marr\u00e9 en 2023&hellip;\n","protected":false},"author":2,"featured_media":143378,"comment_status":"","ping_status":"","sticky":false,"template":"","format":"standard","meta":{"footnotes":""},"categories":[2816],"tags":[1111,11,436,1777,674,1011,27,12,2680,25,104,2312],"class_list":{"0":"post-143377","1":"post","2":"type-post","3":"status-publish","4":"format-standard","5":"has-post-thumbnail","7":"category-toulouse","8":"tag-actu","9":"tag-actualites","10":"tag-environnement","11":"tag-eu","12":"tag-europe","13":"tag-fr","14":"tag-france","15":"tag-news","16":"tag-occitanie","17":"tag-republique-francaise","18":"tag-societe","19":"tag-toulouse"},"share_on_mastodon":{"url":"https:\/\/pubeurope.com\/@fr\/114606625442217048","error":""},"_links":{"self":[{"href":"https:\/\/www.europesays.com\/fr\/wp-json\/wp\/v2\/posts\/143377","targetHints":{"allow":["GET"]}}],"collection":[{"href":"https:\/\/www.europesays.com\/fr\/wp-json\/wp\/v2\/posts"}],"about":[{"href":"https:\/\/www.europesays.com\/fr\/wp-json\/wp\/v2\/types\/post"}],"author":[{"embeddable":true,"href":"https:\/\/www.europesays.com\/fr\/wp-json\/wp\/v2\/users\/2"}],"replies":[{"embeddable":true,"href":"https:\/\/www.europesays.com\/fr\/wp-json\/wp\/v2\/comments?post=143377"}],"version-history":[{"count":0,"href":"https:\/\/www.europesays.com\/fr\/wp-json\/wp\/v2\/posts\/143377\/revisions"}],"wp:featuredmedia":[{"embeddable":true,"href":"https:\/\/www.europesays.com\/fr\/wp-json\/wp\/v2\/media\/143378"}],"wp:attachment":[{"href":"https:\/\/www.europesays.com\/fr\/wp-json\/wp\/v2\/media?parent=143377"}],"wp:term":[{"taxonomy":"category","embeddable":true,"href":"https:\/\/www.europesays.com\/fr\/wp-json\/wp\/v2\/categories?post=143377"},{"taxonomy":"post_tag","embeddable":true,"href":"https:\/\/www.europesays.com\/fr\/wp-json\/wp\/v2\/tags?post=143377"}],"curies":[{"name":"wp","href":"https:\/\/api.w.org\/{rel}","templated":true}]}}