{"id":143382,"date":"2025-06-01T06:14:09","date_gmt":"2025-06-01T06:14:09","guid":{"rendered":"https:\/\/www.europesays.com\/fr\/143382\/"},"modified":"2025-06-01T06:14:09","modified_gmt":"2025-06-01T06:14:09","slug":"une-expo-photos-sur-la-boxe-a-marseille","status":"publish","type":"post","link":"https:\/\/www.europesays.com\/fr\/143382\/","title":{"rendered":"une expo photos sur la boxe \u00e0 Marseille"},"content":{"rendered":"<p><a href=\"https:\/\/laprovence.com\/article\/sorties-loisirs\/6072719\/tourisme-lexperience-unique-dune-escapade-en-helico-portes-ouvertes-au-depart-du-castellet.html\" target=\"_blank\" rel=\"noopener\">Roland Grunchec<\/a> est photographe depuis 20\u00a0ans. Il a, entre autres, photographi\u00e9 l\u2019OM pendant 10\u00a0ans. Son parcours de photographe sportif ind\u00e9pendant l\u2019am\u00e8ne \u00e0 d\u00e9couvrir la boxe en\u00a02009. Le combat qu\u2019il couvre est gagn\u00e9 par Fabrice Aurieng qu\u2019il prend en photo.<\/p>\n<p>Les deux hommes se lient d\u2019amiti\u00e9. Le boxeur se fait remarquer par le coach de Marseille Louis Lavaly, \u00ab\u00a0un faiseur de champions\u00a0\u00bb. \u00ab\u00a0Fabrice vient alors s\u2019installer \u00e0 Marseille et je suis sa carri\u00e8re en photos. Je voulais faire comme Neil Leifer avec Mohamed Ali\u00a0!\u00a0\u00bb, raconte Roland Grunchec.<\/p>\n<p>\u00ab\u00a0Esth\u00e9tique de la danse\u00a0\u00bb<\/p>\n<p>De nombreux clich\u00e9s du boxeur, en noir et blanc, sont donc expos\u00e9s. Des moments rares et intenses comme les quelques minutes d\u2019isolement avant de monter sur le ring ou encore des regards de complicit\u00e9 et d\u2019engagement et bien s\u00fbr des combats. \u00ab\u00a0C\u2019est un sport tr\u00e8s beau \u00e0 photographier, tr\u00e8s tactique et strat\u00e9gique. Il y a une vraie esth\u00e9tique, comparable \u00e0 la danse\u00a0\u00bb, explique le photographe.<\/p>\n<p>Ses images montrent aussi <a href=\"https:\/\/www.laprovence.com\/article\/region\/19467608372137\/marseille-trop-puissante-50-ans-d-histoires-feministes-et-rebelles\" target=\"_blank\" rel=\"noopener\">des figures f\u00e9minines<\/a> du milieu, comme Myriam Lamare \u00e0 Marseille, \u00ab\u00a0une reine du ring\u00a0\u00bb, sans oublier un clin d\u2019\u0153il \u00e0 la \u00ab\u00a0ring girl\u00a0\u00bb, figure sexy des r\u00e9unions de boxe qui fait d\u00e9bat. Le public pourra aussi d\u00e9couvrir un triptyque en couleurs de l\u2019\u00e9v\u00e9nement Urban Boxing United au Palais des Sports de Marseille, qui rend hommage \u00e0 la boxe vue du ciel.<\/p>\n<p>Jusqu\u2019au 14\u00a0juin. 8, rue Fontange, 6e. Du mercredi au samedi de 14\u00a0h\u00a030 \u00e0 18\u00a0h\u00a030. Gratuit.<\/p>\n","protected":false},"excerpt":{"rendered":"Roland Grunchec est photographe depuis 20\u00a0ans. Il a, entre autres, photographi\u00e9 l\u2019OM pendant 10\u00a0ans. Son parcours de photographe&hellip;\n","protected":false},"author":2,"featured_media":143383,"comment_status":"","ping_status":"","sticky":false,"template":"","format":"standard","meta":{"footnotes":""},"categories":[2814],"tags":[17,1111,11,13740,251,1777,674,12176,27144,1011,27,884,12,2189,882,25,3356,96],"class_list":{"0":"post-143382","1":"post","2":"type-post","3":"status-publish","4":"format-standard","5":"has-post-thumbnail","7":"category-marseille","8":"tag-17","9":"tag-actu","10":"tag-actualites","11":"tag-boxe","12":"tag-culture","13":"tag-eu","14":"tag-europe","15":"tag-expo","16":"tag-fight","17":"tag-fr","18":"tag-france","19":"tag-marseille","20":"tag-news","21":"tag-photos","22":"tag-provence-alpes-cote-dazur","23":"tag-republique-francaise","24":"tag-sur","25":"tag-une"},"share_on_mastodon":{"url":"https:\/\/pubeurope.com\/@fr\/114606641427224534","error":""},"_links":{"self":[{"href":"https:\/\/www.europesays.com\/fr\/wp-json\/wp\/v2\/posts\/143382","targetHints":{"allow":["GET"]}}],"collection":[{"href":"https:\/\/www.europesays.com\/fr\/wp-json\/wp\/v2\/posts"}],"about":[{"href":"https:\/\/www.europesays.com\/fr\/wp-json\/wp\/v2\/types\/post"}],"author":[{"embeddable":true,"href":"https:\/\/www.europesays.com\/fr\/wp-json\/wp\/v2\/users\/2"}],"replies":[{"embeddable":true,"href":"https:\/\/www.europesays.com\/fr\/wp-json\/wp\/v2\/comments?post=143382"}],"version-history":[{"count":0,"href":"https:\/\/www.europesays.com\/fr\/wp-json\/wp\/v2\/posts\/143382\/revisions"}],"wp:featuredmedia":[{"embeddable":true,"href":"https:\/\/www.europesays.com\/fr\/wp-json\/wp\/v2\/media\/143383"}],"wp:attachment":[{"href":"https:\/\/www.europesays.com\/fr\/wp-json\/wp\/v2\/media?parent=143382"}],"wp:term":[{"taxonomy":"category","embeddable":true,"href":"https:\/\/www.europesays.com\/fr\/wp-json\/wp\/v2\/categories?post=143382"},{"taxonomy":"post_tag","embeddable":true,"href":"https:\/\/www.europesays.com\/fr\/wp-json\/wp\/v2\/tags?post=143382"}],"curies":[{"name":"wp","href":"https:\/\/api.w.org\/{rel}","templated":true}]}}