{"id":143384,"date":"2025-06-01T06:15:15","date_gmt":"2025-06-01T06:15:15","guid":{"rendered":"https:\/\/www.europesays.com\/fr\/143384\/"},"modified":"2025-06-01T06:15:15","modified_gmt":"2025-06-01T06:15:15","slug":"lyon-le-nouveau-bar-g5-reve-de-vous-emmener-dans-les-etoiles","status":"publish","type":"post","link":"https:\/\/www.europesays.com\/fr\/143384\/","title":{"rendered":"Lyon. Le nouveau bar G5 r\u00eave de vous emmener dans les \u00e9toiles &#8211;"},"content":{"rendered":"<p>\t\t\t\t<img loading=\"lazy\" decoding=\"async\" width=\"900\" height=\"588\" src=\"data:image\/svg+xml,%3Csvg%20xmlns=\" http:=\"\" alt=\"Le bar G5 immerge ses clients dans l'espace. Photos \u00a9 DR \/ Le G5\" title=\"01 \u2013 bar le G5 \u00a9 G5\" class=\"wp-image-160072\" data-lazy- data-lazy- data-lazy-src=\"https:\/\/www.europesays.com\/fr\/wp-content\/uploads\/2025\/06\/01-bar-le-G5-\u00a9-G5.jpeg\"\/><\/p>\n<p style=\"font-weight: 400;\"><strong>Texte\u00a0: Margaux Nourry \u2013<\/strong> Et si vous vous offriez un voyage dans les constellations du zodiaque tout en sirotant un d\u00e9licieux cocktail ? D\u00e9couvrez le G5.<\/p>\n<p style=\"font-weight: 400;\">C\u2019est la promesse de ce bar immersif, ouvert en f\u00e9vrier 2025 dans le quartier de Perrache. A l\u2019\u00e9cart du centre-ville et de ses bars \u00e0 cocktails \u2013 un choix d\u00e9lib\u00e9r\u00e9, trois amis d\u2019enfance passionn\u00e9s de mixologie proposent un concept plut\u00f4t orignal.<\/p>\n<p><a href=\"https:\/\/www.lyonpeople.com\/?attachment_id=160073\" rel=\"attachment wp-att-160073 noopener\" target=\"_blank\"><img loading=\"lazy\" decoding=\"async\" class=\"alignnone size-full wp-image-160073\" src=\"data:image\/svg+xml,%3Csvg%20xmlns=\" http:=\"\" alt=\"Les trois g\u00e9rants Hocine Kernou, Alexis Kante et Ridha Kernou.\" width=\"900\" height=\"637\" data-lazy- data-lazy- data-lazy-src=\"https:\/\/www.europesays.com\/fr\/wp-content\/uploads\/2025\/06\/03-Hocine-Kernou-Alexis-Kante-et-Ridha-Kernou-gerants-du-G5-\u00a9-G5.jpg\"\/><\/a><\/p>\n<p style=\"font-weight: 400;\">Imaginez un espace intimiste plong\u00e9 dans la p\u00e9nombre, seulement illumin\u00e9 par une projection num\u00e9rique sur l\u2019espace de l\u2019artiste Milkorva, sur fond musical soul et R\u2019n\u2019B. Voici le nouveau spot lyonnais instagrammable.<\/p>\n<p><strong>L\u2019\u0153uvre ondule, se refl\u00e8te sur les tables du G5 et s\u2019autog\u00e9n\u00e8re \u00e0 l\u2019infini avec la promesse de ne jamais voir la m\u00eame chose sur une soir\u00e9e.<\/strong><\/p>\n<p style=\"font-weight: 400;\">Cr\u00e9ant une ambiance\u2026mystique. Aujourd\u2019hui, il ne reste rien de son pr\u00e9d\u00e9cesseur, le Caf\u00e9 Lyonnais. \u00ab\u00a0Nous avons souhait\u00e9 faire quelque chose de fort, proposer un moment atypique\u00a0\u00bb, raconte <strong>Alexis Kante<\/strong>, associ\u00e9 \u00e0 <strong>Ridha <\/strong>et <strong>Hocine Kernou<\/strong>.<\/p>\n<p><a href=\"https:\/\/www.lyonpeople.com\/?attachment_id=160074\" rel=\"attachment wp-att-160074 noopener\" target=\"_blank\"><img loading=\"lazy\" decoding=\"async\" class=\"alignnone size-full wp-image-160074\" src=\"data:image\/svg+xml,%3Csvg%20xmlns=\" http:=\"\" alt=\"\" width=\"900\" height=\"666\" data-lazy- data-lazy- data-lazy-src=\"https:\/\/www.europesays.com\/fr\/wp-content\/uploads\/2025\/06\/05-bar-le-G5-\u00a9-G5.jpeg\"\/><\/a><\/p>\n<p style=\"font-weight: 400;\">L\u00e0 r\u00e9side justement l\u2019univers du G5\u00a0: il projette ses clients non seulement dans l\u2019espace mais \u00e9galement dans le monde de l\u2019astrologie.<\/p>\n<p><strong>Le voyage sensoriel se poursuit dans les verres autour 12 cocktails inspir\u00e9s des signes du zodiaque.<\/strong><\/p>\n<p style=\"font-weight: 400;\">\u00ab\u00a0Nous les avons cr\u00e9\u00e9s \u00e0 partir des traits de personnalit\u00e9 des profils astrologiques puis nous avons arrang\u00e9 les go\u00fbts, les saveurs, les couleurs\u00a0\u00bb, poursuivent les barmans, form\u00e9s en autodidacte et aupr\u00e8s de mentors lyonnais.<\/p>\n<p><a href=\"https:\/\/www.lyonpeople.com\/?attachment_id=160075\" rel=\"attachment wp-att-160075 noopener\" target=\"_blank\"><img loading=\"lazy\" decoding=\"async\" class=\"alignnone size-full wp-image-160075\" src=\"data:image\/svg+xml,%3Csvg%20xmlns=\" http:=\"\" alt=\"\" width=\"900\" height=\"706\" data-lazy- data-lazy- data-lazy-src=\"https:\/\/www.europesays.com\/fr\/wp-content\/uploads\/2025\/06\/07-cocktail-bar-le-G5-\u00a9-G5.jpeg\"\/><\/a><\/p>\n<p style=\"font-weight: 400;\">Ce sera donc un Little Red Dress pour les signes Balance, un cocktail \u00ab\u00a0charmeur et \u00e9quilibr\u00e9\u00a0\u00bb, avec de la rose, de l\u2019hibiscus et de la framboise, et un Deva pour les Verseaux, les deux bestsellers du bar.<\/p>\n<p style=\"font-weight: 400;\">D\u2019ailleurs, le concept astrologique est m\u00eame pouss\u00e9 encore plus loin avec un programme de fid\u00e9lit\u00e9 o\u00f9 les clients doivent collectionner les douze cartes de signes du zodiaque pour recevoir \u00ab une belle surprise \u00bb, promet Alexis Kante.<\/p>\n<p><strong><a href=\"https:\/\/www.lyonpeople.com\/?attachment_id=160076\" rel=\"attachment wp-att-160076 noopener\" target=\"_blank\"><img loading=\"lazy\" decoding=\"async\" class=\" wp-image-160076 alignleft\" src=\"data:image\/svg+xml,%3Csvg%20xmlns=\" http:=\"\" alt=\"\" width=\"308\" height=\"411\" data-lazy- data-lazy- data-lazy-src=\"https:\/\/www.europesays.com\/fr\/wp-content\/uploads\/2025\/06\/09-bar-le-G5-\u00a9-G5.jpeg\"\/><\/a><\/strong><br \/>\n<strong>\u00ab Le G5, c\u2019est un concept, une carte pour faire parler, qu\u2019on aime ou non l\u2019astrologie \u00bb, souligne l\u2019ancien \u00e9tudiant en marketing.<\/strong><\/p>\n<p style=\"font-weight: 400;\">Car il ne faut pas s\u2019y tromper, les trois fondateurs ne sont pas, \u00e0 la base, des aficionados de l\u2019astrologie. Alors si vous ne souhaitez pas suivre votre assignation spirituelle mais plut\u00f4t vos go\u00fbts, c\u2019est tout-\u00e0-fait possible.<\/p>\n<p style=\"font-weight: 400;\">Enfin, compl\u00e8tent cette exp\u00e9rience une liqueur de fruit de la passion maison ainsi qu\u2019une carte de tapas \u00e0 d\u00e9guster en int\u00e9rieur ou sur la petite terrasse.<\/p>\n<p style=\"font-weight: 400;\">Apr\u00e8s seulement trois mois d\u2019ouverture, cette formule offre aux trois g\u00e9rants une r\u00e9ussite \u00ab\u00a0au-del\u00e0 de leurs esp\u00e9rances\u00a0\u00bb. Un succ\u00e8s sur lequel ils comptent surfer en innovant lors de la prochaine F\u00eate de la Musique autour d\u2019un service sans table, debout.<\/p>\n<p>\u00a0<\/p>\n<p style=\"font-weight: 400;\"><strong>Le G5<br \/>76, rue de la Charit\u00e9 \u2013 Lyon 2<br \/>Lundi de 18h \u00e0 minuit, mardi \u2013 samedi\u00a0: de 18h \u00e0 1h<br \/>Pas de r\u00e9servation<br \/>13\u20ac pour les cocktails et 8\u20ac pour les mocktails<\/strong><\/p>\n","protected":false},"excerpt":{"rendered":"Texte\u00a0: Margaux Nourry \u2013 Et si vous vous offriez un voyage dans les constellations du zodiaque tout en&hellip;\n","protected":false},"author":2,"featured_media":143385,"comment_status":"","ping_status":"","sticky":false,"template":"","format":"standard","meta":{"footnotes":""},"categories":[1889],"tags":[4257,1111,11,2430,1777,674,1011,27,2428,12,25],"class_list":{"0":"post-143384","1":"post","2":"type-post","3":"status-publish","4":"format-standard","5":"has-post-thumbnail","7":"category-lyon","8":"tag-0top","9":"tag-actu","10":"tag-actualites","11":"tag-auvergne-rhone-alpes","12":"tag-eu","13":"tag-europe","14":"tag-fr","15":"tag-france","16":"tag-lyon","17":"tag-news","18":"tag-republique-francaise"},"share_on_mastodon":{"url":"https:\/\/pubeurope.com\/@fr\/114606645225997396","error":""},"_links":{"self":[{"href":"https:\/\/www.europesays.com\/fr\/wp-json\/wp\/v2\/posts\/143384","targetHints":{"allow":["GET"]}}],"collection":[{"href":"https:\/\/www.europesays.com\/fr\/wp-json\/wp\/v2\/posts"}],"about":[{"href":"https:\/\/www.europesays.com\/fr\/wp-json\/wp\/v2\/types\/post"}],"author":[{"embeddable":true,"href":"https:\/\/www.europesays.com\/fr\/wp-json\/wp\/v2\/users\/2"}],"replies":[{"embeddable":true,"href":"https:\/\/www.europesays.com\/fr\/wp-json\/wp\/v2\/comments?post=143384"}],"version-history":[{"count":0,"href":"https:\/\/www.europesays.com\/fr\/wp-json\/wp\/v2\/posts\/143384\/revisions"}],"wp:featuredmedia":[{"embeddable":true,"href":"https:\/\/www.europesays.com\/fr\/wp-json\/wp\/v2\/media\/143385"}],"wp:attachment":[{"href":"https:\/\/www.europesays.com\/fr\/wp-json\/wp\/v2\/media?parent=143384"}],"wp:term":[{"taxonomy":"category","embeddable":true,"href":"https:\/\/www.europesays.com\/fr\/wp-json\/wp\/v2\/categories?post=143384"},{"taxonomy":"post_tag","embeddable":true,"href":"https:\/\/www.europesays.com\/fr\/wp-json\/wp\/v2\/tags?post=143384"}],"curies":[{"name":"wp","href":"https:\/\/api.w.org\/{rel}","templated":true}]}}