{"id":143386,"date":"2025-06-01T06:16:15","date_gmt":"2025-06-01T06:16:15","guid":{"rendered":"https:\/\/www.europesays.com\/fr\/143386\/"},"modified":"2025-06-01T06:16:15","modified_gmt":"2025-06-01T06:16:15","slug":"metropole-de-lyon-devant-ikea-jean-pierre-sdf-raconte-comment-il-a-tout-perdu-en-quelques-semaines","status":"publish","type":"post","link":"https:\/\/www.europesays.com\/fr\/143386\/","title":{"rendered":"M\u00e9tropole de Lyon. Devant Ikea, Jean-Pierre, SDF, raconte comment il a tout perdu en quelques semaines"},"content":{"rendered":"<p>Sous l\u2019auvent gris du vaste Ikea de V\u00e9nissieux, le long du boulevard Bonnevay, Jean-Pierre r\u00eave de plage en Gr\u00e8ce. Mais, les circonstances encha\u00eenent souvent la volont\u00e9\u00a0; depuis juillet\u00a02024, l\u2019homme vit et dort ici, apr\u00e8s avoir tout perdu en quelques semaines.<\/p>\n<p>Ce qu\u2019il lui reste &#8211; un sac, des couvertures, un bol, deux t\u00e9l\u00e9phones &#8211; forme une mani\u00e8re d\u2019autel \u00e0 la survie quotidienne. Allong\u00e9e, sa chienne Oli, crois\u00e9e labrador, m\u00e2chonne un jouet noir. Elle a sept ans\u00a0; il l\u2019a recueillie \u00e0 la naissance.<\/p>\n<p>De Chambord \u00e0 Lyon<\/p>\n<p>Tous deux sont venus de Chambord (Loir-et-Cher) \u00e0 Lyon en f\u00e9vrier\u00a02023. Jean-Pierre a travaill\u00e9 dans la chimie, puis comme cariste, premiers boulots \u00ab\u00a0\u00e0 14 ans\u00a0\u00bb, se rappelle-t-il. Il en a 60 \u00e0 pr\u00e9sent, et comptait obtenir ces&#8230;<\/p>\n","protected":false},"excerpt":{"rendered":"Sous l\u2019auvent gris du vaste Ikea de V\u00e9nissieux, le long du boulevard Bonnevay, Jean-Pierre r\u00eave de plage en&hellip;\n","protected":false},"author":2,"featured_media":143387,"comment_status":"","ping_status":"","sticky":false,"template":"","format":"standard","meta":{"footnotes":""},"categories":[1889],"tags":[1111,11,2430,3152,1777,674,107,1011,27,2428,12,25,2429,4604,3151,801,104,4375,4407],"class_list":{"0":"post-143386","1":"post","2":"type-post","3":"status-publish","4":"format-standard","5":"has-post-thumbnail","7":"category-lyon","8":"tag-actu","9":"tag-actualites","10":"tag-auvergne-rhone-alpes","11":"tag-edition-est-lyonnais","12":"tag-eu","13":"tag-europe","14":"tag-fil-info","15":"tag-fr","16":"tag-france","17":"tag-lyon","18":"tag-news","19":"tag-republique-francaise","20":"tag-rhone","21":"tag-selection-abonne","22":"tag-selection-de-la-redaction-69","23":"tag-social","24":"tag-societe","25":"tag-venissieux","26":"tag-venissieux-bassin"},"share_on_mastodon":{"url":"https:\/\/pubeurope.com\/@fr\/114606649052348671","error":""},"_links":{"self":[{"href":"https:\/\/www.europesays.com\/fr\/wp-json\/wp\/v2\/posts\/143386","targetHints":{"allow":["GET"]}}],"collection":[{"href":"https:\/\/www.europesays.com\/fr\/wp-json\/wp\/v2\/posts"}],"about":[{"href":"https:\/\/www.europesays.com\/fr\/wp-json\/wp\/v2\/types\/post"}],"author":[{"embeddable":true,"href":"https:\/\/www.europesays.com\/fr\/wp-json\/wp\/v2\/users\/2"}],"replies":[{"embeddable":true,"href":"https:\/\/www.europesays.com\/fr\/wp-json\/wp\/v2\/comments?post=143386"}],"version-history":[{"count":0,"href":"https:\/\/www.europesays.com\/fr\/wp-json\/wp\/v2\/posts\/143386\/revisions"}],"wp:featuredmedia":[{"embeddable":true,"href":"https:\/\/www.europesays.com\/fr\/wp-json\/wp\/v2\/media\/143387"}],"wp:attachment":[{"href":"https:\/\/www.europesays.com\/fr\/wp-json\/wp\/v2\/media?parent=143386"}],"wp:term":[{"taxonomy":"category","embeddable":true,"href":"https:\/\/www.europesays.com\/fr\/wp-json\/wp\/v2\/categories?post=143386"},{"taxonomy":"post_tag","embeddable":true,"href":"https:\/\/www.europesays.com\/fr\/wp-json\/wp\/v2\/tags?post=143386"}],"curies":[{"name":"wp","href":"https:\/\/api.w.org\/{rel}","templated":true}]}}