{"id":143388,"date":"2025-06-01T06:19:10","date_gmt":"2025-06-01T06:19:10","guid":{"rendered":"https:\/\/www.europesays.com\/fr\/143388\/"},"modified":"2025-06-01T06:19:10","modified_gmt":"2025-06-01T06:19:10","slug":"paris-rooftop-vue-panoramique-pres-des-champs-elysees-lancien-showroom-citroen-soffre-une-deuxieme-vie","status":"publish","type":"post","link":"https:\/\/www.europesays.com\/fr\/143388\/","title":{"rendered":"Paris. Rooftop, vue panoramique&#8230; Pr\u00e8s des Champs-\u00c9lys\u00e9es, l&rsquo;ancien showroom Citro\u00ebn s&rsquo;offre une deuxi\u00e8me vie"},"content":{"rendered":"<p>            Par<br \/>\n        <strong><br \/>\n            <a href=\"https:\/\/actu.fr\/auteur\/ines-cussac-actu-fr\" title=\"Consulter tous les articles de In\u00e8s Cussac\" rel=\"nofollow noopener\" target=\"_blank\">In\u00e8s Cussac<\/a><br \/>\n        <\/strong><\/p>\n<p>        Publi\u00e9 le<\/p>\n<p>            1 juin 2025 \u00e0 6h14        <\/p>\n<p>L\u2019immeuble est pass\u00e9 de l\u2019ombre \u00e0 la lumi\u00e8re. Depuis sa construction dans les ann\u00e9es 1930 \u00e0 aujourd\u2019hui, le b\u00e2timent du 32 rue Marbeuf \u00e0 <a href=\"https:\/\/actu.fr\/ile-de-france\/paris_75056\" rel=\"nofollow noopener\" target=\"_blank\">Paris<\/a> (8e) a connu d\u2019impressionnantes transformations au rythme des \u00e9volutions de la soci\u00e9t\u00e9. D\u2019abord con\u00e7u pour \u00eatre <strong>un showroom des voitures Citro\u00ebn<\/strong>, le premier de l\u2019entreprise, il va r\u00e9ouvrir ses portes d\u00e9but juin\u00a02025 pour les salari\u00e9s d\u2019une entreprise de la FinTech am\u00e9ricaine. Trois ans de travaux ont \u00e9t\u00e9 n\u00e9cessaires pour remodeler les 10\u2009800\u00a0m\u00e8tres carr\u00e9s r\u00e9partis sur dix niveaux. La lumi\u00e8re, les espaces ext\u00e9rieurs, la circulation\u2026 \u00ab\u2009Tout a \u00e9t\u00e9 pens\u00e9 pour que ce soit agr\u00e9able de <a href=\"https:\/\/actu.fr\/ile-de-france\/paris_75056\/en-ile-de-france-plus-de-la-moitie-des-salaries-aiment-passer-du-temps-au-bureau-la-raison-est-etonnante_61854324.html\" rel=\"nofollow noopener\" target=\"_blank\">venir au bureau<\/a>\u2009\u00bb, indique Be\u00f1at Ortega, le directeur g\u00e9n\u00e9ral de Gecina, soci\u00e9t\u00e9 d\u2019investissement immobilier ayant acquis les murs en 2013. Et Philippe Chiambaretta, architecte et fondateur de PCA-STREAM, charg\u00e9 du projet, d\u2019ajouter\u2009: \u00ab\u2009Notre mission \u00e9tait de <strong>ressusciter l\u2019ic\u00f4ne architecturale<\/strong> du showroom.\u2009\u00bb<br \/>La grande verri\u00e8re et les quatre \u00e9tages apparents depuis l\u2019atrium ont \u00e9t\u00e9 laiss\u00e9s tels quels, ou presque. L\u2019\u00e9poque industrielle est r\u00e9volue, place \u00e0 la nouvelle \u00e8re de bureaux o\u00f9 la centralit\u00e9, la lumi\u00e8re naturelle et la convivialit\u00e9 sont de mise.<\/p>\n<p>La flexibilit\u00e9 \u00e0 tous les \u00e9tages<\/p>\n<p class=\" wall-content\">Mais redessiner les plans du b\u00e2timent baptis\u00e9 \u00ab\u2009Ic\u00f4ne\u2009\u00bb n\u2019a pas \u00e9t\u00e9 si simple pour les architectes qui ont \u0153uvr\u00e9 en plein confinement. Un moment o\u00f9 <a href=\"https:\/\/actu.fr\/ile-de-france\/paris_75056\/avec-5-millions-de-m2-inoccupes-les-bureaux-d-ile-de-france-plus-vides-que-jamais-en-2024_62099257.html\" rel=\"nofollow noopener\" target=\"_blank\">les usages des bureaux ont \u00e9t\u00e9 totalement chamboul\u00e9s<\/a>. Les espaces de travail se sont vid\u00e9s du jour au lendemain et le t\u00e9l\u00e9travail a connu un essor consid\u00e9rable. \u00ab\u2009Le Covid-19 a accentu\u00e9 les tendances d\u00e9j\u00e0 \u00e0 l\u2019\u0153uvre\u2009\u00bb, rappelle Romain Veber, directeur Ex\u00e9cutif Investissement &amp; D\u00e9veloppement. Pour l\u2019instant, un client seulement va occuper tout l\u2019immeuble. L\u2019am\u00e9nagement des bureaux a donc \u00e9t\u00e9 pens\u00e9 avec lui. \u00ab<strong>\u2009Tout est travaill\u00e9 pour diff\u00e9rents usages<\/strong>. C\u2019est un immeuble divisible \u00e0 la verticale et \u00e0 l\u2019horizontale. Il est pens\u00e9 pour la flexibilit\u00e9, on peut cloisonner en cas de demande\u2009\u00bb, souligne-t-il.<\/p>\n<p>    <img   decoding=\"async\" loading=\"lazy\" src=\"https:\/\/www.europesays.com\/fr\/wp-content\/uploads\/2025\/06\/1afbc41a-676f-4e61-ac87-82c04a09db60-960x640.jpg\" alt=\"L'immeuble est situ\u00e9 \u00e0 quelques pas de l'avenue des Champs-Elys\u00e9es \u00e0 Paris (8e).\" width=\"960\" height=\"640\"\/><br \/>\n    L\u2019immeuble est situ\u00e9 \u00e0 quelques pas de l\u2019avenue des Champs-\u00c9lys\u00e9es \u00e0 Paris (8e). (\u00a9IC \/ actu Paris)<\/p>\n<p class=\" wall-content\">La crise sanitaire a aussi pouss\u00e9 les Fran\u00e7ais vers l\u2019ext\u00e9rieur. Si la place g\u00e9ographique, \u00e0 quelques pas de l\u2019avenue des Champs-\u00c9lys\u00e9es, est idyllique pour qui veut travailler au c\u0153ur de Paris, les architectes ont aussi tir\u00e9 parti de cette centralit\u00e9. Avec des rooftops et des balcons \u00e0 presque chaque fen\u00eatre, la vue panoramique sur les toits et les monuments de la capitale se d\u00e9couvrent \u00e0 l\u2019occasion d\u2019un atelier potager par exemple, d\u2019une pause d\u00e9jeuner ensoleill\u00e9e ou encore d\u2019une projection en plein air. L\u00e0 encore, les espaces de <strong>1\u2009700\u00a0m\u00e8tres carr\u00e9s de terrasses<\/strong> sont flexibles. En outre, cette localisation en plein c\u0153ur de la ville a permis de supprimer le parking sous-terrain d\u00e9di\u00e9 aux voitures et de le remplacer par un vaste espace de stationnement pour les v\u00e9los.<\/p>\n<p>    <img   decoding=\"async\" loading=\"lazy\" src=\"https:\/\/www.europesays.com\/fr\/wp-content\/uploads\/2025\/06\/065c1693-37d6-4774-8863-154750bfe796-960x640.jpg\" alt=\"Le toit-terrasse offre une vue panoramique sur les monuments de Paris.\" width=\"960\" height=\"640\"\/><br \/>\n    Le toit-terrasse offre une vue panoramique sur les monuments de Paris. (\u00a9IC \/ actu Paris)<\/p>\n<p class=\" wall-content\">Enfin, chaque \u00e9l\u00e9ment a \u00e9t\u00e9 pens\u00e9 pour cr\u00e9er de la convivialit\u00e9. \u00c0 commencer par l\u2019atrium qui peut servir de salle de r\u00e9union XXL, de lieu de r\u00e9ception ou de sc\u00e8ne de concert. Selon les besoins, la pi\u00e8ce est polyvalente. Les escaliers qui se croisent aussi peuvent \u00eatre vecteur de courtes discussions au fil d\u2019une journ\u00e9e de travail. \u00ab<strong>\u2009Un escalier Chambord dans un lieu d\u2019usage c\u2019est assez exceptionnel<\/strong> pour privil\u00e9gier les \u00e9changes\u2009\u00bb, indique Be\u00f1at Ortega. \u00ab\u2009Si les gens reviennent au bureau, c\u2019est pour se voir et \u00e9changer.\u2009\u00bb Puit de lumi\u00e8re et salles sans murs devraient aider les futurs locataires, attendus le 1er\u00a0juin, \u00e0 se retrouver.<\/p>\n<p class=\" wall-content\">Suivez toute l\u2019actualit\u00e9 de vos villes et m\u00e9dias favoris en vous inscrivant \u00e0 <a href=\"https:\/\/moncompte.actu.fr\" title=\"D\u00e9couvez Mon Actu\" rel=\"nofollow noopener\" data-trk=\"{&quot;cta&quot;:{&quot;action&quot;:&quot;https:\\\/\\\/moncompte.actu.fr&quot;,&quot;category&quot;:&quot;mon compte&quot;,&quot;from&quot;:&quot;article footer&quot;,&quot;name&quot;:&quot;Mon actu&quot;,&quot;type&quot;:&quot;cta&quot;}}\" target=\"_blank\">Mon Actu<\/a>.<\/p>\n","protected":false},"excerpt":{"rendered":"Par In\u00e8s Cussac Publi\u00e9 le 1 juin 2025 \u00e0 6h14 L\u2019immeuble est pass\u00e9 de l\u2019ombre \u00e0 la lumi\u00e8re.&hellip;\n","protected":false},"author":2,"featured_media":143389,"comment_status":"","ping_status":"","sticky":false,"template":"","format":"standard","meta":{"footnotes":""},"categories":[1888],"tags":[1111,1928,11,1927,4400,33,1777,674,1011,27,1116,12,1926,626,1925,25,2086],"class_list":{"0":"post-143388","1":"post","2":"type-post","3":"status-publish","4":"format-standard","5":"has-post-thumbnail","7":"category-paris","8":"tag-actu","9":"tag-actu-paris","10":"tag-actualites","11":"tag-actualites-paris","12":"tag-covid","13":"tag-economie","14":"tag-eu","15":"tag-europe","16":"tag-fr","17":"tag-france","18":"tag-immobilier","19":"tag-news","20":"tag-news-paris","21":"tag-paris","22":"tag-paris-news","23":"tag-republique-francaise","24":"tag-travaux"},"share_on_mastodon":{"url":"https:\/\/pubeurope.com\/@fr\/114606660872993774","error":""},"_links":{"self":[{"href":"https:\/\/www.europesays.com\/fr\/wp-json\/wp\/v2\/posts\/143388","targetHints":{"allow":["GET"]}}],"collection":[{"href":"https:\/\/www.europesays.com\/fr\/wp-json\/wp\/v2\/posts"}],"about":[{"href":"https:\/\/www.europesays.com\/fr\/wp-json\/wp\/v2\/types\/post"}],"author":[{"embeddable":true,"href":"https:\/\/www.europesays.com\/fr\/wp-json\/wp\/v2\/users\/2"}],"replies":[{"embeddable":true,"href":"https:\/\/www.europesays.com\/fr\/wp-json\/wp\/v2\/comments?post=143388"}],"version-history":[{"count":0,"href":"https:\/\/www.europesays.com\/fr\/wp-json\/wp\/v2\/posts\/143388\/revisions"}],"wp:featuredmedia":[{"embeddable":true,"href":"https:\/\/www.europesays.com\/fr\/wp-json\/wp\/v2\/media\/143389"}],"wp:attachment":[{"href":"https:\/\/www.europesays.com\/fr\/wp-json\/wp\/v2\/media?parent=143388"}],"wp:term":[{"taxonomy":"category","embeddable":true,"href":"https:\/\/www.europesays.com\/fr\/wp-json\/wp\/v2\/categories?post=143388"},{"taxonomy":"post_tag","embeddable":true,"href":"https:\/\/www.europesays.com\/fr\/wp-json\/wp\/v2\/tags?post=143388"}],"curies":[{"name":"wp","href":"https:\/\/api.w.org\/{rel}","templated":true}]}}