{"id":143402,"date":"2025-06-01T06:26:15","date_gmt":"2025-06-01T06:26:15","guid":{"rendered":"https:\/\/www.europesays.com\/fr\/143402\/"},"modified":"2025-06-01T06:26:15","modified_gmt":"2025-06-01T06:26:15","slug":"entre-lunion-europeenne-et-le-royaume-uni-le-grand-degel","status":"publish","type":"post","link":"https:\/\/www.europesays.com\/fr\/143402\/","title":{"rendered":"Entre l&rsquo;Union europ\u00e9enne et le Royaume-Uni, le grand d\u00e9gel\u00a0?"},"content":{"rendered":"<p>\tEntre l&rsquo;Union europ\u00e9enne et le Royaume-Uni, le grand d\u00e9gel\u00a0? &#8211; Touteleurope.eu<\/p>\n<p>\t\t<img decoding=\"async\" alt=\"fermer\" class=\"close-info\" src=\"https:\/\/www.europesays.com\/fr\/wp-content\/uploads\/2025\/04\/close-picto-blue.svg.svg+xml\"\/><\/p>\n<p>Touteleurope.eu est le site p\u00e9dagogique de r\u00e9f\u00e9rence sur les questions europ\u00e9ennes : <a href=\"https:\/\/www.touteleurope.eu\/qui-sommes-nous\/\" target=\"_blank\" rel=\"noopener nofollow\">Qui sommes-nous ?<\/a><\/p>\n<p><img decoding=\"async\" class=\"logo-pdf\" alt=\"Toute L'Europe \u2013 Comprendre l'Europe\" src=\"https:\/\/www.europesays.com\/fr\/wp-content\/uploads\/2025\/04\/logo-ttl.svg.svg+xml\"\/><\/p>\n","protected":false},"excerpt":{"rendered":"Entre l&rsquo;Union europ\u00e9enne et le Royaume-Uni, le grand d\u00e9gel\u00a0? &#8211; Touteleurope.eu Touteleurope.eu est le site p\u00e9dagogique de r\u00e9f\u00e9rence&hellip;\n","protected":false},"author":2,"featured_media":143403,"comment_status":"","ping_status":"","sticky":false,"template":"","format":"standard","meta":{"footnotes":""},"categories":[1588],"tags":[21744,11,1353,215,2442,554,8273,1777,674,223,22095,12,4125,2543,473,1853,656,1851,1850,1852],"class_list":{"0":"post-143402","1":"post","2":"type-post","3":"status-publish","4":"format-standard","5":"has-post-thumbnail","7":"category-royaume-uni","8":"tag-accord-commercial-ue-royaume-uni","9":"tag-actualites","10":"tag-brexit","11":"tag-commerce","12":"tag-consequences-du-brexit","13":"tag-defense","14":"tag-erasmus","15":"tag-eu","16":"tag-europe","17":"tag-intelligence-artificielle","18":"tag-mobilite-europeenne","19":"tag-news","20":"tag-numerique","21":"tag-relations-internationales","22":"tag-royaume-uni","23":"tag-royaume-uni-de-grande-bretagne-et-dirlande-du-nord","24":"tag-securite","25":"tag-uk","26":"tag-united-kingdom","27":"tag-united-kingdom-of-great-britain-and-northern-ireland"},"share_on_mastodon":{"url":"https:\/\/pubeurope.com\/@fr\/114606688556531050","error":""},"_links":{"self":[{"href":"https:\/\/www.europesays.com\/fr\/wp-json\/wp\/v2\/posts\/143402","targetHints":{"allow":["GET"]}}],"collection":[{"href":"https:\/\/www.europesays.com\/fr\/wp-json\/wp\/v2\/posts"}],"about":[{"href":"https:\/\/www.europesays.com\/fr\/wp-json\/wp\/v2\/types\/post"}],"author":[{"embeddable":true,"href":"https:\/\/www.europesays.com\/fr\/wp-json\/wp\/v2\/users\/2"}],"replies":[{"embeddable":true,"href":"https:\/\/www.europesays.com\/fr\/wp-json\/wp\/v2\/comments?post=143402"}],"version-history":[{"count":0,"href":"https:\/\/www.europesays.com\/fr\/wp-json\/wp\/v2\/posts\/143402\/revisions"}],"wp:featuredmedia":[{"embeddable":true,"href":"https:\/\/www.europesays.com\/fr\/wp-json\/wp\/v2\/media\/143403"}],"wp:attachment":[{"href":"https:\/\/www.europesays.com\/fr\/wp-json\/wp\/v2\/media?parent=143402"}],"wp:term":[{"taxonomy":"category","embeddable":true,"href":"https:\/\/www.europesays.com\/fr\/wp-json\/wp\/v2\/categories?post=143402"},{"taxonomy":"post_tag","embeddable":true,"href":"https:\/\/www.europesays.com\/fr\/wp-json\/wp\/v2\/tags?post=143402"}],"curies":[{"name":"wp","href":"https:\/\/api.w.org\/{rel}","templated":true}]}}