{"id":143404,"date":"2025-06-01T06:27:12","date_gmt":"2025-06-01T06:27:12","guid":{"rendered":"https:\/\/www.europesays.com\/fr\/143404\/"},"modified":"2025-06-01T06:27:12","modified_gmt":"2025-06-01T06:27:12","slug":"un-incendie-ravage-un-hopital-en-allemagne-trois-morts-et-une-cinquantaine-de-blesses","status":"publish","type":"post","link":"https:\/\/www.europesays.com\/fr\/143404\/","title":{"rendered":"Un incendie ravage un h\u00f4pital en Allemagne: trois morts et une cinquantaine de bless\u00e9s"},"content":{"rendered":"<p>  Partager:  \t<\/p>\n<p>Drame \u00e0 Hambourg : un incendie \u00e0 l\u2019h\u00f4pital Marienkrankenhaus fait 3 morts et 50 bless\u00e9s, dont plusieurs gri\u00e8vement. L\u2019origine du sinistre reste inconnue dans cette nuit tragique pour la cit\u00e9 portuaire allemande.<\/p>\n<p>&#13;<br \/>\n&#13;<\/p>\n<p>Trois personnes ont p\u00e9ri dans un incendie dans un h\u00f4pital allemand, dans la ville d&rsquo;Hambourg, a confirm\u00e9 un porte-parole des pompiers \u00e0 l&rsquo;agence de presse dpa dans la nuit de samedi \u00e0 dimanche.<\/p>\n<p>    \u00c0 lire aussi<\/p>\n<p>  <img decoding=\"async\" data-copyright=\"\u00a9 Facebook\" class=\"r-img\"  typeof=\"foaf:Image\" src=\"https:\/\/www.europesays.com\/fr\/wp-content\/uploads\/2025\/06\/42068785.jpeg\" alt=\"c9bcc366-1e5a-4736-afdd-2f41134f5370.mxf_.00_00_00_00.still001.jpg\"\/><br \/>\n      <a href=\"https:\/\/www.rtl.be\/actu\/regions\/liege\/il-bouge-un-bras-une-jambe-comment-va-marc-sarlet-le-pompier-plonge-dans-le-coma\/2025-05-31\/article\/751687\" class=\"r-stories--link\" target=\"_blank\" rel=\"noopener\">\u00abIl a boug\u00e9 un bras, une jambe\u00bb: comment va Marc Sarlet, le pompier plong\u00e9 dans le coma apr\u00e8s l\u2019incendie \u00e0 la prison de Lantin?<\/a><\/p>\n<p>Le porte-parole a ensuite communiqu\u00e9 que 50 personnes ont aussi \u00e9t\u00e9 bless\u00e9s, donc deux personnes en \u00e9tat critique. Au moins 16 autres sont gri\u00e8vement bless\u00e9es et 36 ont \u00e9t\u00e9 l\u00e9g\u00e8rement bless\u00e9es. \u00a0<\/p>\n<p>L&rsquo;incendie a lieu dans l&rsquo;h\u00f4pital Marienkrankenhaus du quartier Hohenfeld de la cit\u00e9 portuaire au nord-ouest de l&rsquo;Allemagne.<\/p>\n<p><a class=\"r-btn r-btn--tag\" href=\"https:\/\/www.rtl.be\/1650\/free-tags\/incendie\" title=\"incendie\" target=\"_blank\" rel=\"noopener\">incendie<\/a><br \/>\n<a class=\"r-btn r-btn--tag\" href=\"https:\/\/www.rtl.be\/72842\/free-tags\/hambourg\" title=\"hambourg\" target=\"_blank\" rel=\"noopener\">hambourg<\/a><br \/>\n<a class=\"r-btn r-btn--tag\" href=\"https:\/\/www.rtl.be\/6830\/free-tags\/blesses\" title=\"bless\u00e9s\" target=\"_blank\" rel=\"noopener\">bless\u00e9s<\/a><br \/>\n<a class=\"r-btn r-btn--tag\" href=\"https:\/\/www.rtl.be\/3006\/free-tags\/allemagne\" title=\"allemagne\" target=\"_blank\" rel=\"noopener\">allemagne<\/a><br \/>\n<a class=\"r-btn r-btn--tag\" href=\"https:\/\/www.rtl.be\/377923\/free-tags\/hopital-marienkrankenhaus\" title=\"h\u00f4pital Marienkrankenhaus\" target=\"_blank\" rel=\"noopener\">h\u00f4pital Marienkrankenhaus<\/a><\/p>\n","protected":false},"excerpt":{"rendered":"Partager: Drame \u00e0 Hambourg : un incendie \u00e0 l\u2019h\u00f4pital Marienkrankenhaus fait 3 morts et 50 bless\u00e9s, dont plusieurs&hellip;\n","protected":false},"author":2,"featured_media":143405,"comment_status":"","ping_status":"","sticky":false,"template":"","format":"standard","meta":{"footnotes":""},"categories":[1587],"tags":[11,672,27146,1804,1805,1803,1777,674,1801,1900,27147,1310,12,1802],"class_list":{"0":"post-143404","1":"post","2":"type-post","3":"status-publish","4":"format-standard","5":"has-post-thumbnail","7":"category-allemagne","8":"tag-actualites","9":"tag-allemagne","10":"tag-blessu00e9s","11":"tag-bundesrepublik-deutschland","12":"tag-de","13":"tag-deutschland","14":"tag-eu","15":"tag-europe","16":"tag-germany","17":"tag-hambourg","18":"tag-hu00f4pital-marienkrankenhaus","19":"tag-incendie","20":"tag-news","21":"tag-republique-federale-dallemagne"},"share_on_mastodon":{"url":"https:\/\/pubeurope.com\/@fr\/114606692414504849","error":""},"_links":{"self":[{"href":"https:\/\/www.europesays.com\/fr\/wp-json\/wp\/v2\/posts\/143404","targetHints":{"allow":["GET"]}}],"collection":[{"href":"https:\/\/www.europesays.com\/fr\/wp-json\/wp\/v2\/posts"}],"about":[{"href":"https:\/\/www.europesays.com\/fr\/wp-json\/wp\/v2\/types\/post"}],"author":[{"embeddable":true,"href":"https:\/\/www.europesays.com\/fr\/wp-json\/wp\/v2\/users\/2"}],"replies":[{"embeddable":true,"href":"https:\/\/www.europesays.com\/fr\/wp-json\/wp\/v2\/comments?post=143404"}],"version-history":[{"count":0,"href":"https:\/\/www.europesays.com\/fr\/wp-json\/wp\/v2\/posts\/143404\/revisions"}],"wp:featuredmedia":[{"embeddable":true,"href":"https:\/\/www.europesays.com\/fr\/wp-json\/wp\/v2\/media\/143405"}],"wp:attachment":[{"href":"https:\/\/www.europesays.com\/fr\/wp-json\/wp\/v2\/media?parent=143404"}],"wp:term":[{"taxonomy":"category","embeddable":true,"href":"https:\/\/www.europesays.com\/fr\/wp-json\/wp\/v2\/categories?post=143404"},{"taxonomy":"post_tag","embeddable":true,"href":"https:\/\/www.europesays.com\/fr\/wp-json\/wp\/v2\/tags?post=143404"}],"curies":[{"name":"wp","href":"https:\/\/api.w.org\/{rel}","templated":true}]}}