{"id":143406,"date":"2025-06-01T06:28:09","date_gmt":"2025-06-01T06:28:09","guid":{"rendered":"https:\/\/www.europesays.com\/fr\/143406\/"},"modified":"2025-06-01T06:28:09","modified_gmt":"2025-06-01T06:28:09","slug":"supercoupe-deurope-grace-a-son-sacre-en-ligue-des-champions-paris-affrontera-tottenham-le-13-aout-en-italie","status":"publish","type":"post","link":"https:\/\/www.europesays.com\/fr\/143406\/","title":{"rendered":"Supercoupe d\u2019Europe : gr\u00e2ce \u00e0 son sacre en Ligue des champions, Paris affrontera Tottenham le 13\u00a0ao\u00fbt en Italie"},"content":{"rendered":"<p class=\"paragraph text_align_left\">Le PSG va pouvoir ajouter un nouveau titre \u00e0 palmar\u00e8s. Gr\u00e2ce \u00e0 <a href=\"https:\/\/www.leparisien.fr\/sports\/football\/ligue-des-champions\/psg-inter-5-0-paris-tout-puissant-31-05-2025-DNPP4HBOWFG23OPCCCDDHQKRKU.php\" target=\"_blank\" rel=\"noreferrer nofollow noopener\">sa victoire exceptionnelle contre l\u2019Inter Milan (5-0) en finale de Ligue des champions<\/a>, Paris a gagn\u00e9 le droit de disputer la Supercoupe d\u2019Europe qui oppose le vainqueur de la C1 \u00e0 celui de la Ligue Europa.<\/p>\n<p class=\"lp-f-ui-06 bet-widget_legal-notices lp-color-text-muted lp-mb-07\">LES JEUX D&rsquo;ARGENT ET DE HASARD PEUVENT \u00caTRE DANGEREUX : PERTES D&rsquo;ARGENT, CONFLITS FAMILIAUX, ADDICTION\u2026 RETROUVEZ NOS CONSEILS SUR <a href=\"https:\/\/joueurs-info-service.fr\/\" class=\"lp-color-text-muted\" rel=\"nofollow noopener\" target=\"_blank\">JOUEURS-INFO-SERVICE.FR<\/a> (09 74 75 13 13 &#8211; APPEL NON SURTAX\u00c9)<\/p>\n<p class=\"paragraph text_align_left\">Le club de la capitale affrontera donc <a href=\"https:\/\/www.leparisien.fr\/sports\/football\/ligue-europa-la-video-de-lincroyable-sauvetage-de-van-de-ven-qui-offre-le-titre-a-tottenham-21-05-2025-JSKF7WJVGRB4RFOAOMY3565IHM.php\" target=\"_blank\" rel=\"noreferrer nofollow noopener\">Tottenham qui s\u2019est impos\u00e9 face \u00e0 Manchester United<\/a> en finale de la C3. Le Paris Saint-Germain retrouve la comp\u00e9tition 29 ans apr\u00e8s son unique participation \u00e0 la faveur de sa victoire en Coupe des vainqueurs de coupe. Les Franciliens avaient alors \u00e9t\u00e9 balay\u00e9s par la Juventus lors d\u2019une confrontation aller-retour (d\u00e9faite 9-2 sur l\u2019ensemble des deux matchs).<\/p>\n<p class=\"paragraph text_align_left\">La rencontre face aux Spurs aura lieu le 13 ao\u00fbt prochain dans la ville d\u2019Udine en Italie, soit deux jours avant <a href=\"https:\/\/www.leparisien.fr\/sports\/football\/ligue-1\/ligue-1-reprise-treve-hivernale-les-grandes-dates-du-calendrier-de-la-saison-20252026-devoilees-27-02-2025-G3FJBLX3R5AOVPZ6JEEC7IRSOU.php\" target=\"_blank\" rel=\"noreferrer nofollow noopener\">le d\u00e9but de la saison de Ligue 1<\/a>. Les Parisiens ne vont pas souffler de sit\u00f4t puisqu\u2019ils disputeront la Coupe du monde des clubs qui aura lieu du 15 juin au 13 juillet prochain, avant d\u2019entamer donc une nouvelle saison.<\/p>\n<p class=\"paragraph text_align_left\">Le premier titre du PSG dans la plus grande des comp\u00e9titions europ\u00e9ennes lui permet aussi de disputer la Coupe intercontinentale de la Fifa dont la finale aura lieu le 17 d\u00e9cembre dans un lieu encore inconnu.<\/p>\n","protected":false},"excerpt":{"rendered":"Le PSG va pouvoir ajouter un nouveau titre \u00e0 palmar\u00e8s. Gr\u00e2ce \u00e0 sa victoire exceptionnelle contre l\u2019Inter Milan&hellip;\n","protected":false},"author":2,"featured_media":143407,"comment_status":"","ping_status":"","sticky":false,"template":"","format":"standard","meta":{"footnotes":""},"categories":[1586],"tags":[11,1777,674,63,1011,27,447,12,25,60],"class_list":{"0":"post-143406","1":"post","2":"type-post","3":"status-publish","4":"format-standard","5":"has-post-thumbnail","7":"category-europe","8":"tag-actualites","9":"tag-eu","10":"tag-europe","11":"tag-football","12":"tag-fr","13":"tag-france","14":"tag-ligue-des-champions","15":"tag-news","16":"tag-republique-francaise","17":"tag-sports"},"share_on_mastodon":{"url":"https:\/\/pubeurope.com\/@fr\/114606696629507992","error":""},"_links":{"self":[{"href":"https:\/\/www.europesays.com\/fr\/wp-json\/wp\/v2\/posts\/143406","targetHints":{"allow":["GET"]}}],"collection":[{"href":"https:\/\/www.europesays.com\/fr\/wp-json\/wp\/v2\/posts"}],"about":[{"href":"https:\/\/www.europesays.com\/fr\/wp-json\/wp\/v2\/types\/post"}],"author":[{"embeddable":true,"href":"https:\/\/www.europesays.com\/fr\/wp-json\/wp\/v2\/users\/2"}],"replies":[{"embeddable":true,"href":"https:\/\/www.europesays.com\/fr\/wp-json\/wp\/v2\/comments?post=143406"}],"version-history":[{"count":0,"href":"https:\/\/www.europesays.com\/fr\/wp-json\/wp\/v2\/posts\/143406\/revisions"}],"wp:featuredmedia":[{"embeddable":true,"href":"https:\/\/www.europesays.com\/fr\/wp-json\/wp\/v2\/media\/143407"}],"wp:attachment":[{"href":"https:\/\/www.europesays.com\/fr\/wp-json\/wp\/v2\/media?parent=143406"}],"wp:term":[{"taxonomy":"category","embeddable":true,"href":"https:\/\/www.europesays.com\/fr\/wp-json\/wp\/v2\/categories?post=143406"},{"taxonomy":"post_tag","embeddable":true,"href":"https:\/\/www.europesays.com\/fr\/wp-json\/wp\/v2\/tags?post=143406"}],"curies":[{"name":"wp","href":"https:\/\/api.w.org\/{rel}","templated":true}]}}