{"id":143408,"date":"2025-06-01T06:29:15","date_gmt":"2025-06-01T06:29:15","guid":{"rendered":"https:\/\/www.europesays.com\/fr\/143408\/"},"modified":"2025-06-01T06:29:15","modified_gmt":"2025-06-01T06:29:15","slug":"le-profilage-racial-une-pratique-tres-repandue-dans-lue-assure-le-conseil-de-leurope","status":"publish","type":"post","link":"https:\/\/www.europesays.com\/fr\/143408\/","title":{"rendered":"Le profilage racial, une pratique tr\u00e8s r\u00e9pandue dans l&rsquo;UE, assure le Conseil de l&rsquo;Europe"},"content":{"rendered":"<p><img decoding=\"async\" class=\"c-ad__placeholder__logo\" src=\"https:\/\/www.europesays.com\/fr\/wp-content\/uploads\/2025\/03\/logo-euronews-grey-6-180x22.svg.svg+xml\" width=\"180\" height=\"22\" alt=\"\" loading=\"lazy\"\/>PUBLICIT\u00c9<\/p>\n<p>L&rsquo;organe de suivi des droits de l&rsquo;homme du Conseil de l&rsquo;Europe (ECRI) a tir\u00e9 la sonnette d&rsquo;alarme quant au recours au profilage racial. <a href=\"https:\/\/www.coe.int\/fr\/web\/portal\/-\/anti-racism-commission-racial-profiling-by-police-segregation-of-roma-pupils-and-transphobia-among-key-challenges\" target=\"_blank\" rel=\"noreferrer noopener\">Dans un rapport<\/a> publi\u00e9 ce mercredi 28 mai, il est indiqu\u00e9 que les forces de l&rsquo;ordre de nombreux \u00c9tats membres continuent d&rsquo;utiliser cette pratique, qui persiste \u00e0 la fois dans les interpellations et les fouilles effectu\u00e9es par les forces de l&rsquo;ordre que lors des contr\u00f4les aux fronti\u00e8res.<\/p>\n<p>L&rsquo;ECRI pr\u00e9cise que l<strong>e profilage racial consiste, pour les agents, \u00e0 agir en fonction de l&rsquo;origine ethnique, de la couleur de peau, de la religion ou de la citoyennet\u00e9 plut\u00f4t que sur la base de preuves objectives.<\/strong><\/p>\n<p>\u00ab\u00a0Nous avons remarqu\u00e9 qu&rsquo;aucun \u00c9tat membre n&rsquo;est vraiment \u00e0 l&rsquo;abri du profilage racial\u00a0\u00bb, a averti Bertil Cottier, pr\u00e9sident de l&rsquo;ECRI, \u00e0 Euronews. \u00ab\u00a0Nous pensons qu&rsquo;il s&rsquo;agit \u00e9galement d&rsquo;une question tr\u00e8s d\u00e9licate dans le sens o\u00f9 nous ne voulons pas contrer la police. Nous savons que nous avons besoin d&rsquo;elle et nous voulons lui faire confiance. C&rsquo;est pourquoi il est parfois tr\u00e8s difficile de les sensibiliser \u00e0 cette question\u00a0\u00bb, a-t-il d\u00e9velopp\u00e9.<\/p>\n<p>Le Conseil de l&rsquo;Europe \u00e9crit qu&rsquo;il est indispensable de pr\u00e9venir le d\u00e9veloppement de ces pratiques afin de renforcer, de maintenir ou de r\u00e9tablir la confiance du public dans les forces de l\u2019ordre. Car outre la m\u00e9fiance \u00e0 l&rsquo;\u00e9gard des autorit\u00e9s, cette soumission r\u00e9p\u00e9t\u00e9e rend les victimes r\u00e9ticentes \u00e0 porter plainte, entra\u00eenant alors un manque de donn\u00e9es et une sous-estimation du probl\u00e8me.<\/p>\n<p>La reconnaissance faciale point\u00e9e du doigt<\/p>\n<p>Ces derni\u00e8res ann\u00e9es, une nouvelle pr\u00e9occupation est apparue : <a href=\"https:\/\/fr.euronews.com\/my-europe\/2024\/01\/30\/intelligence-artificielle-le-recours-a-la-surveillance-de-masse-pourrait-sintensifier-en-e\" target=\"_blank\" rel=\"noopener\"><strong>la reconnaissance faciale<\/strong><\/a>. Les experts se disent inquiets que cette technologie soit utilis\u00e9e trop r\u00e9guli\u00e8rement par les forces de l&rsquo;ordre. Ils appellent, dans un premier temps, \u00e0 des garanties quant \u00e0 son utilisation.<\/p>\n<p>Malgr\u00e9 le cadre europ\u00e9en strict d\u00e9fini dans la loi sur l&rsquo;intelligence artificielle, qui est entr\u00e9e en vigueur en ao\u00fbt 2024, les pratiques diff\u00e8rent dans les diff\u00e9rents \u00c9tats membres. La <a href=\"https:\/\/edri.org\/our-work\/our-legal-action-against-the-use-of-facial-recognition-by-the-french-police\/\" target=\"_blank\" rel=\"noreferrer noopener\">police fran\u00e7aise utilise couramment la reconnaissance faciale<\/a> dans les rues depuis de nombreuses ann\u00e9es. De son c\u00f4t\u00e9, la Belgique envisage d&rsquo;introduire de mani\u00e8re syst\u00e9matique cette<a href=\"https:\/\/www.test-aankoop.be\/familie-prive\/privacy\/nieuws\/gezichtsherkenning-gevaar-voor-privacy\" target=\"_blank\" rel=\"noreferrer noopener\">technologie pour \u00ab\u00a0suivre les d\u00e9linquants condamn\u00e9s et pr\u00e9sum\u00e9s\u00a0\u00bb.<\/p>\n<p>Le Conseil de l&rsquo;Europe a fait \u00e9tat de recherches indiquant que cette technologie risquait de fausser l&rsquo;identification des individus. \u00ab\u00a0C&rsquo;est une pr\u00e9occupation pour nous. Les nouvelles technologies posent toujours probl\u00e8me lorsqu&rsquo;il s&rsquo;agit de questions de discrimination\u00a0\u00bb, a d\u00e9clar\u00e9 Bertil Cottier. \u00ab\u00a0Nous craignons que si les nouvelles technologies sont utilis\u00e9es de mani\u00e8re abusive, le probl\u00e8me s&rsquo;aggravera.\u00a0\u00bb<\/p>\n<p>Afin de surveiller les technologies \u00e9mergentes, l&rsquo;ECRI a adopt\u00e9 une convention-cadre sur l&rsquo;IA et les droits de l&rsquo;homme. \u00ab\u00a0Un comit\u00e9 du Conseil de l&rsquo;Europe s&rsquo;occupe des questions de lutte contre la discrimination et pr\u00e9pare une recommandation sp\u00e9cifique sur le domaine de l&rsquo;IA et de la discrimination\u00a0\u00bb, a poursuivit le pr\u00e9sident de l&rsquo;ECRI.<\/p>\n<p>La France tr\u00e8s critiqu\u00e9e<\/p>\n<p>Si le rapport de l&rsquo;ECRI ne cite aucune situation sp\u00e9cifique, des rapports ciblant certains pays ont \u00e9t\u00e9 publi\u00e9 par le pass\u00e9. C&rsquo;est le cas de la France.<\/p>\n<p>Le Conseil de l&rsquo;Europe <a href=\"https:\/\/rm.coe.int\/ecri-conclusions-on-the-implementation-of-the-recommendations-in-respe\/1680b449bd\" target=\"_blank\" rel=\"noreferrer noopener\">recommandait aux autorit\u00e9s fran\u00e7aises<\/a> de mettre en place un syst\u00e8me efficace d&rsquo;enregistrements des contr\u00f4les d&rsquo;identit\u00e9 effectu\u00e9s par les forces de l&rsquo;ordre.<\/p>\n<p>\u00ab\u00a0La France est un pays pr\u00e9occupant en ce qui concerne le profilage racial\u00a0\u00bb, a d\u00e9clar\u00e9 Bertil Cottier. \u00ab\u00a0Il y a quelques mois, nous avons constat\u00e9 que notre recommandation sur la lutte contre le profilage racial, en particulier sur la recherche des fonctionnaires de police qui ont arr\u00eat\u00e9 des personnes [\u00e0 tort], a \u00e9t\u00e9 ignor\u00e9e jusqu&rsquo;\u00e0 pr\u00e9sent.\u00a0\u00bb<\/p>\n<p>La plus haute juridiction administrative fran\u00e7aise a statu\u00e9 en 2023 que l&rsquo;\u00c9tat ne s&rsquo;occupait pas de la pratique de profilage racial par la police.<\/p>\n<p>Les ONG ont pr\u00e9venu que cette pratique <a href=\"https:\/\/www.hrw.org\/news\/2024\/10\/17\/ethnic-profiling-french-police-urgent-action-needed\" target=\"_blank\" rel=\"noreferrer noopener\">nuisait aux relations entre la police et le public<\/a>. Il en va de m\u00eame pour l&rsquo;ECRI, qui a d\u00e9clar\u00e9 dans son rapport que \u00ab\u00a0le profilage racial g\u00e9n\u00e8re un sentiment d&rsquo;humiliation et d&rsquo;injustice dans la soci\u00e9t\u00e9\u00a0\u00bb. \u00ab\u00a0De telles pratiques compromettent le travail des responsables de l&rsquo;application des lois qui respectent la loi et les normes de d\u00e9ontologie polici\u00e8re, et qui se sont engag\u00e9s \u00e0 lutter contre le racisme et la discrimination raciale\u00a0\u00bb, \u00e9crivent les experts de l&rsquo;ECRI.<\/p>\n<p>Prendre au s\u00e9rieux le profilage racial<\/p>\n<p>L&rsquo;Italie est un autre pays pr\u00e9occupant. \u00ab\u00a0Lors de notre visite en Italie, nous avons constat\u00e9 quelques cas de profilage racial au sein des forces de police. Nous avons recommand\u00e9 au gouvernement italien de prendre cette question au s\u00e9rieux\u00a0\u00bb, a indiqu\u00e9 Bertil Cottier.<\/p>\n<p>Un<a href=\"https:\/\/rm.coe.int\/sixth-ecri-report-on-italy\/1680b205f5\" target=\"_blank\" rel=\"noreferrer noopener\"> rapport d&rsquo;octobre 2024<\/a> invitait l&rsquo;Italie \u00e0 r\u00e9aliser une \u00e9tude ind\u00e9pendante pour \u00e9valuer le niveau de profilage racial au sein de ses forces de police, qui vise particuli\u00e8rement les Roms et les personnes d&rsquo;origine africaine. Le gouvernement italien s&rsquo;y est toutefois oppos\u00e9.<\/p>\n<p><a href=\"https:\/\/fr.euronews.com\/tag\/giorgia-meloni\" target=\"_blank\" rel=\"noopener\"><strong>Giorgia Meloni, Premi\u00e8re ministre italienne<\/strong><\/a>, a pr\u00e9f\u00e9r\u00e9 d\u00e9fendre les \u00ab\u00a0hommes et les femmes qui, chaque jour, travaillent avec d\u00e9vouement et abn\u00e9gation pour assurer la s\u00e9curit\u00e9 de tous les citoyens, sans distinction\u00a0\u00bb. Le <a href=\"https:\/\/fr.euronews.com\/tag\/matteo-salvini\" target=\"_blank\" rel=\"noopener\"><strong>vice-Premier ministre Matteo Salvini<\/strong><\/a> a, quant \u00e0 lui, qualifi\u00e9 l&rsquo;ECRI d'\u00a0\u00bborganisme inutile\u00a0\u00bb.<\/p>\n<p>Une attaque que regrette Bertil Cottier : \u00ab\u00a0Ils ont eu l&rsquo;impression que nous d\u00e9noncions l&rsquo;Italie et la police italienne en disant qu&rsquo;elles pratiquaient le profilage racial. En fait, nous avons simplement demand\u00e9 au gouvernement italien d&rsquo;\u00e9valuer le probl\u00e8me.\u00a0\u00bb<\/p>\n<p>Le Conseil de l&rsquo;Europe appelle tous les \u00c9tats membres \u00e0 prendre au s\u00e9rieux la question du profilage racial, \u00e0 l&rsquo;interdire par la loi, \u00e0 mieux former les policiers et \u00e0 responsabiliser les forces de police.<\/p>\n","protected":false},"excerpt":{"rendered":"PUBLICIT\u00c9 L&rsquo;organe de suivi des droits de l&rsquo;homme du Conseil de l&rsquo;Europe (ECRI) a tir\u00e9 la sonnette d&rsquo;alarme&hellip;\n","protected":false},"author":2,"featured_media":143409,"comment_status":"","ping_status":"","sticky":false,"template":"","format":"standard","meta":{"footnotes":""},"categories":[1586],"tags":[11,663,7577,11412,981,1777,674,1779,1011,27,12,1072,25,1778,364],"class_list":{"0":"post-143408","1":"post","2":"type-post","3":"status-publish","4":"format-standard","5":"has-post-thumbnail","7":"category-europe","8":"tag-actualites","9":"tag-aeroport","10":"tag-conseil-de-leurope","11":"tag-discrimination","12":"tag-douane","13":"tag-eu","14":"tag-europe","15":"tag-european-union","16":"tag-fr","17":"tag-france","18":"tag-news","19":"tag-police","20":"tag-republique-francaise","21":"tag-ue","22":"tag-union-europeenne"},"share_on_mastodon":{"url":"https:\/\/pubeurope.com\/@fr\/114606700255101507","error":""},"_links":{"self":[{"href":"https:\/\/www.europesays.com\/fr\/wp-json\/wp\/v2\/posts\/143408","targetHints":{"allow":["GET"]}}],"collection":[{"href":"https:\/\/www.europesays.com\/fr\/wp-json\/wp\/v2\/posts"}],"about":[{"href":"https:\/\/www.europesays.com\/fr\/wp-json\/wp\/v2\/types\/post"}],"author":[{"embeddable":true,"href":"https:\/\/www.europesays.com\/fr\/wp-json\/wp\/v2\/users\/2"}],"replies":[{"embeddable":true,"href":"https:\/\/www.europesays.com\/fr\/wp-json\/wp\/v2\/comments?post=143408"}],"version-history":[{"count":0,"href":"https:\/\/www.europesays.com\/fr\/wp-json\/wp\/v2\/posts\/143408\/revisions"}],"wp:featuredmedia":[{"embeddable":true,"href":"https:\/\/www.europesays.com\/fr\/wp-json\/wp\/v2\/media\/143409"}],"wp:attachment":[{"href":"https:\/\/www.europesays.com\/fr\/wp-json\/wp\/v2\/media?parent=143408"}],"wp:term":[{"taxonomy":"category","embeddable":true,"href":"https:\/\/www.europesays.com\/fr\/wp-json\/wp\/v2\/categories?post=143408"},{"taxonomy":"post_tag","embeddable":true,"href":"https:\/\/www.europesays.com\/fr\/wp-json\/wp\/v2\/tags?post=143408"}],"curies":[{"name":"wp","href":"https:\/\/api.w.org\/{rel}","templated":true}]}}