{"id":143423,"date":"2025-06-01T06:39:08","date_gmt":"2025-06-01T06:39:08","guid":{"rendered":"https:\/\/www.europesays.com\/fr\/143423\/"},"modified":"2025-06-01T06:39:08","modified_gmt":"2025-06-01T06:39:08","slug":"le-message-de-kylian-mbappe","status":"publish","type":"post","link":"https:\/\/www.europesays.com\/fr\/143423\/","title":{"rendered":"le message de Kylian Mbapp\u00e9"},"content":{"rendered":"<p>L\u2019ancien attaquant parisien, d\u00e9sormais au Real Madrid, a adress\u00e9 un message de f\u00e9licitations apr\u00e8s la victoire du PSG en Ligue des champions samedi soir.<\/p>\n<p class=\"fig-paragraph\">Sa r\u00e9action n\u2019a pas tard\u00e9. Samedi soir, apr\u00e8s la victoire du<a href=\"http:\/\/www.lefigaro.fr\/sports\/football\/ligue-des-champions\/ligue-des-champions-a-l-issue-d-une-finale-de-reve-le-psg-au-sommet-de-l-europe-20250531\" data-fig-type=\"NewsFlash\" data-gtm-custom-categorie=\"navigation\" data-gtm-custom-action=\"crossclick\" data-gtm-custom-label=\"Contextuel\" data-gtm-event=\"customEventSPE\" data-fig-domain=\"LEFIGARO\" target=\"_blank\" rel=\"noopener\">\u00a0Paris SG en finale de la Ligue des champions<\/a>\u00a0(5-0) contre l\u2019Inter Milan, Kylian Mbapp\u00e9 a adress\u00e9 un mot sympa \u00e0 son ancienne \u00e9quipe. \u00abCe jour est arriv\u00e9. Victoire et une belle attitude du club. F\u00e9licitations PSG\u00bb, a-t-il \u00e9crit sur ses r\u00e9seaux sociaux. Le champion du monde 2018, qui a quitt\u00e9 la capitale l\u2019\u00e9t\u00e9 dernier pour signer au Real Madrid, s\u2019est montr\u00e9 beau joueur envers son club de coeur.<\/p>\n<p class=\"fig-paragraph\">Meilleur buteur de l\u2019histoire du PSG, et sans doute meilleur joueur m\u00eame si la fin de son parcours \u00e0 Paris aura laiss\u00e9 un go\u00fbt amer \u00e0 tous les amoureux du club, Kylian Mbapp\u00e9 sera forc\u00e9ment chambr\u00e9 dans les prochains jours. Il avait notamment d\u00e9clar\u00e9 au sujet du club de la capitale: \u00abSi je liais mon avenir \u00e0 la Ligue des champions, je serais parti tr\u00e8s loin\u00a0\u00bb, avait-il notamment d\u00e9clar\u00e9. En qu\u00eate de la C1 pendant ses ann\u00e9es \u00e0 Paris, il a rejoint le plus grand club du monde pour remporter ce troph\u00e9e qui le fait r\u00eaver. Rat\u00e9 cette saison.<\/p>\n","protected":false},"excerpt":{"rendered":"L\u2019ancien attaquant parisien, d\u00e9sormais au Real Madrid, a adress\u00e9 un message de f\u00e9licitations apr\u00e8s la victoire du PSG&hellip;\n","protected":false},"author":2,"featured_media":143424,"comment_status":"","ping_status":"","sticky":false,"template":"","format":"standard","meta":{"footnotes":""},"categories":[1412],"tags":[4791,786,525,448,1981,1089,814,1451,2257,63,1452,1453,1454,1455,1011,27,2705,6477,447,1307,3490,955,4589,4789,93,4790,1980,60,455],"class_list":{"0":"post-143423","1":"post","2":"type-post","3":"status-publish","4":"format-standard","5":"has-post-thumbnail","7":"category-f1","8":"tag-barcelone","9":"tag-c1","10":"tag-calendrier","11":"tag-champions-league","12":"tag-classement","13":"tag-coupe-deurope","14":"tag-direct","15":"tag-f1","16":"tag-foot","17":"tag-football","18":"tag-formula-1","19":"tag-formula1","20":"tag-formule-1","21":"tag-formule1","22":"tag-fr","23":"tag-france","24":"tag-groupe","25":"tag-kylian-mbappe","26":"tag-ligue-des-champions","27":"tag-lille","28":"tag-liverpool","29":"tag-match","30":"tag-phase-finale","31":"tag-poule","32":"tag-psg","33":"tag-real-madrid","34":"tag-resultats","35":"tag-sports","36":"tag-uefa"},"share_on_mastodon":{"url":"https:\/\/pubeurope.com\/@fr\/114606739519918267","error":""},"_links":{"self":[{"href":"https:\/\/www.europesays.com\/fr\/wp-json\/wp\/v2\/posts\/143423","targetHints":{"allow":["GET"]}}],"collection":[{"href":"https:\/\/www.europesays.com\/fr\/wp-json\/wp\/v2\/posts"}],"about":[{"href":"https:\/\/www.europesays.com\/fr\/wp-json\/wp\/v2\/types\/post"}],"author":[{"embeddable":true,"href":"https:\/\/www.europesays.com\/fr\/wp-json\/wp\/v2\/users\/2"}],"replies":[{"embeddable":true,"href":"https:\/\/www.europesays.com\/fr\/wp-json\/wp\/v2\/comments?post=143423"}],"version-history":[{"count":0,"href":"https:\/\/www.europesays.com\/fr\/wp-json\/wp\/v2\/posts\/143423\/revisions"}],"wp:featuredmedia":[{"embeddable":true,"href":"https:\/\/www.europesays.com\/fr\/wp-json\/wp\/v2\/media\/143424"}],"wp:attachment":[{"href":"https:\/\/www.europesays.com\/fr\/wp-json\/wp\/v2\/media?parent=143423"}],"wp:term":[{"taxonomy":"category","embeddable":true,"href":"https:\/\/www.europesays.com\/fr\/wp-json\/wp\/v2\/categories?post=143423"},{"taxonomy":"post_tag","embeddable":true,"href":"https:\/\/www.europesays.com\/fr\/wp-json\/wp\/v2\/tags?post=143423"}],"curies":[{"name":"wp","href":"https:\/\/api.w.org\/{rel}","templated":true}]}}