{"id":143428,"date":"2025-06-01T06:42:13","date_gmt":"2025-06-01T06:42:13","guid":{"rendered":"https:\/\/www.europesays.com\/fr\/143428\/"},"modified":"2025-06-01T06:42:13","modified_gmt":"2025-06-01T06:42:13","slug":"juju-fitcats-et-tibo-inshape-devoilent-la-video-de-leurs-voeux-de-mariage-et-cest-sublime","status":"publish","type":"post","link":"https:\/\/www.europesays.com\/fr\/143428\/","title":{"rendered":"Juju Fitcats et Tibo Inshape d\u00e9voilent la vid\u00e9o de leurs v\u0153ux de mariage et c&rsquo;est sublime"},"content":{"rendered":"<p>Apr\u00e8s avoir jalousement cach\u00e9 la date de leur mariage, Juju Fitcats et Tibo Inshape l\u00e8vent le voile sur cette magnifique c\u00e9r\u00e9monie et ont partag\u00e9, ce vendredi 30 mai 2025, une jolie vid\u00e9o o\u00f9 on d\u00e9couvre notamment les v\u0153ux qu&rsquo;ils ont \u00e9chang\u00e9s. <\/p>\n<p>Alors que <a href=\"https:\/\/www.programme-tv.net\/news\/people\/379423-je-sais-que-juju-ne-veut-pas-mais-tibo-inshape-evoque-son-desir-de-devenir-pere-malgre-le-refus-de-sa-femme-juju-fitcats\/\" data-api-deeplink=\"teleloisirs:\/\/news\/379423\" rel=\"nofollow noopener\" target=\"_blank\">Tibo Inshape a d\u00e9voil\u00e9 son d\u00e9sir d&rsquo;avoir un enfant<\/a>, sa compagne <a href=\"https:\/\/www.programme-tv.net\/news\/people\/378957-je-ne-veux-pas-d-enfants-juju-fitcats-revient-sur-une-divergence-importante-avec-tibo-inshape-avant-le-mariage\/\" data-api-deeplink=\"teleloisirs:\/\/news\/378957\" rel=\"nofollow noopener\" target=\"_blank\">Juju Fitcats n&rsquo;est pas partante pour cette nouvelle aventure.<\/a> Si le projet b\u00e9b\u00e9 est actuellement \u00e0 l&rsquo;arr\u00eat, les deux sportifs ont pass\u00e9 un nouveau cap dans leur relation, puisqu&rsquo;ils se sont r\u00e9cemment mari\u00e9s. <a href=\"https:\/\/www.programme-tv.net\/news\/people\/379699-tibo-inshape-et-juju-fitcats-se-sont-enfin-maries-ils-devoilent-des-photos-de-la-ceremonie\/\" data-api-deeplink=\"teleloisirs:\/\/news\/379699\" rel=\"nofollow noopener\" target=\"_blank\">Apr\u00e8s avoir d\u00e9voil\u00e9 les photos de leur mariage<\/a>, Juju Fitcats s&rsquo;est exprim\u00e9e sur la c\u00e9r\u00e9monie en d\u00e9clarant sur Instagram : \u00ab\u00a0\u00c0 la mairie, on \u00e9tait une trentaine de personnes, vraiment les plus proches. Ensuite, on est partis au domaine qu&rsquo;on avait lou\u00e9 du vendredi au lundi. Le samedi, on \u00e9tait 110 personnes.\u00a0\u00bb<\/p>\n<p>Juju Fitcats contente que son mariage n&rsquo;ait pas fuit\u00e9 sur la Toile : \u00ab\u00a0Tous nos proches ont jou\u00e9 le jeu\u00a0\u00bb<\/p>\n<p>Il \u00e9tait hors de question pour le couple de Youtubeurs de d\u00e9voiler la c\u00e9r\u00e9monie en temps r\u00e9el. Un protocole a donc \u00e9t\u00e9 mis en place pour les invit\u00e9s. \u00ab\u00a0Pas de r\u00e9seaux, pas de t\u00e9l\u00e9, tous nos proches ont jou\u00e9 le jeu et ont rang\u00e9 leurs t\u00e9l\u00e9phones tout le week-end. Du coup, on a partag\u00e9 de vrais moments et gard\u00e9 tout ce moment intime\u00a0\u00bb, a r\u00e9v\u00e9l\u00e9 la cr\u00e9atrice de contenu. Malgr\u00e9 tout, la jeune mari\u00e9e a eu une grosse frayeur juste avant le jour J. \u00ab\u00a0Il nous est arriv\u00e9 des dingueries \u00e0 quelques jours du mariage et on a vraiment flipp\u00e9\u00a0\u00bb, a-t-elle r\u00e9v\u00e9l\u00e9 avant de se r\u00e9jouir que l&rsquo;information ne soit pas sortie dans la presse : \u00ab\u00a0Je suis tellement contente que rien n&rsquo;ait fuit\u00e9 nulle part, que ce soit le lieu, les tenues ou les invit\u00e9s.\u00a0\u00bb<\/p>\n<p>                        La d\u00e9claration d&rsquo;amour de Juju Fitcats \u00e0 Tibo Inshape<\/p>\n<p>Ce vendredi 30 mai, Tibo Inshape et Juju Fitcats ont d\u00e9voil\u00e9 une vid\u00e9o de leur mariage sur les r\u00e9seaux sociaux. Sur ces images, on peut y voir le d\u00e9roul\u00e9 de cette journ\u00e9e et notamment les v\u0153ux que les tourtereaux ont \u00e9chang\u00e9s. \u00ab\u00a0Huit ans que tu es mon pilier, mon amour, mon ami, mon amant. Alors pour les temp\u00eates qu&rsquo;on a travers\u00e9es et surtout pour tous les moments de bonheur qu&rsquo;on a partag\u00e9s, je ne sais pas ce que la vie nous a r\u00e9serv\u00e9. Mais la chose que je sais, je choisirai toujours de t&rsquo;aimer\u00a0\u00bb, dit ainsi Juju Fitcats \u00e0 celui qui est d\u00e9sormais son mari et qui, en retour, a promis de toujours la prot\u00e9ger.<\/p>\n<p><b>Pour d\u00e9couvrir la publication Instagram de Juju Fitcats \u00e0 Tibo Inshape, c&rsquo;est <\/b><a href=\"https:\/\/www.instagram.com\/reel\/DKSYHthNxCq\/?igsh=dmZrNDZlZ3h0ejN3\" rel=\"nofollow noopener\" target=\"_blank\"><b>ICI<\/b><\/a><b>.<\/b><\/p>\n<p>Article \u00e9crit avec la collaboration de 6m\u00e9dias.<\/p>\n<p>        <script async src=\"\/\/www.instagram.com\/embed.js\"><\/script><\/p>\n","protected":false},"excerpt":{"rendered":"Apr\u00e8s avoir jalousement cach\u00e9 la date de leur mariage, Juju Fitcats et Tibo Inshape l\u00e8vent le voile sur&hellip;\n","protected":false},"author":2,"featured_media":143429,"comment_status":"","ping_status":"","sticky":false,"template":"","format":"standard","meta":{"footnotes":""},"categories":[1359],"tags":[4548,244,58,59,1011,27,27148,1760,1930,973,6569,19837,27149],"class_list":{"0":"post-143428","1":"post","2":"type-post","3":"status-publish","4":"format-standard","5":"has-post-thumbnail","7":"category-people","8":"tag-channel_tl-story","9":"tag-commentaire","10":"tag-divertissement","11":"tag-entertainment","12":"tag-fr","13":"tag-france","14":"tag-guid_6203795155001","15":"tag-juju-fitcats","16":"tag-mariage","17":"tag-people","18":"tag-streamers","19":"tag-tibo-inshape","20":"tag-uuid_08ea9d5f-870b-4cfd-ae17-d8ae54dd9db2"},"share_on_mastodon":{"url":"https:\/\/pubeurope.com\/@fr\/114606751368829280","error":""},"_links":{"self":[{"href":"https:\/\/www.europesays.com\/fr\/wp-json\/wp\/v2\/posts\/143428","targetHints":{"allow":["GET"]}}],"collection":[{"href":"https:\/\/www.europesays.com\/fr\/wp-json\/wp\/v2\/posts"}],"about":[{"href":"https:\/\/www.europesays.com\/fr\/wp-json\/wp\/v2\/types\/post"}],"author":[{"embeddable":true,"href":"https:\/\/www.europesays.com\/fr\/wp-json\/wp\/v2\/users\/2"}],"replies":[{"embeddable":true,"href":"https:\/\/www.europesays.com\/fr\/wp-json\/wp\/v2\/comments?post=143428"}],"version-history":[{"count":0,"href":"https:\/\/www.europesays.com\/fr\/wp-json\/wp\/v2\/posts\/143428\/revisions"}],"wp:featuredmedia":[{"embeddable":true,"href":"https:\/\/www.europesays.com\/fr\/wp-json\/wp\/v2\/media\/143429"}],"wp:attachment":[{"href":"https:\/\/www.europesays.com\/fr\/wp-json\/wp\/v2\/media?parent=143428"}],"wp:term":[{"taxonomy":"category","embeddable":true,"href":"https:\/\/www.europesays.com\/fr\/wp-json\/wp\/v2\/categories?post=143428"},{"taxonomy":"post_tag","embeddable":true,"href":"https:\/\/www.europesays.com\/fr\/wp-json\/wp\/v2\/tags?post=143428"}],"curies":[{"name":"wp","href":"https:\/\/api.w.org\/{rel}","templated":true}]}}