{"id":143434,"date":"2025-06-01T06:45:13","date_gmt":"2025-06-01T06:45:13","guid":{"rendered":"https:\/\/www.europesays.com\/fr\/143434\/"},"modified":"2025-06-01T06:45:13","modified_gmt":"2025-06-01T06:45:13","slug":"un-grand-changement-attend-emilien-des-ce-dimanche-1er-juin","status":"publish","type":"post","link":"https:\/\/www.europesays.com\/fr\/143434\/","title":{"rendered":"Un grand changement attend \u00c9milien d\u00e8s ce dimanche 1er juin"},"content":{"rendered":"<p>\u00c9milien continue son parcours hors normes dans Les 12 coups de midi puisqu&rsquo;il vient de d\u00e9couvrir sa 22\u1d49 \u00c9toile myst\u00e9rieuse. Ce dimanche 1er juin, le Vend\u00e9en fera face \u00e0 un grand changement dans l&rsquo;\u00e9mission anim\u00e9e par Jean-Luc Reichmann. T\u00e9l\u00e9-Loisirs vous en dit plus.<\/p>\n<p>Il va y avoir du changement pour \u00c9milien et les t\u00e9l\u00e9spectateurs des <a href=\"https:\/\/www.programme-tv.net\/news\/tv\/379784-emilien-les-12-coup-de-midi-fait-une-mise-au-point-sur-l-absence-de-sa-petite-amie-jessica-et-ses-proches-sur-le-plateau\/\" data-api-deeplink=\"teleloisirs:\/\/news\/379784\" target=\"_blank\" rel=\"noopener\">12 coups de midi <\/a>! Ce samedi 31 mai, <b>le champion a une nouvelle fois d\u00e9couvert une<\/b><a href=\"https:\/\/www.programme-tv.net\/news\/tv\/378991-les-12-coups-de-midi-quelle-celebrite-se-cache-derriere-l-etoile-mysterieuse-de-mai-2025-voici-les-premiers-indices\/\" data-api-deeplink=\"teleloisirs:\/\/news\/378991\" target=\"_blank\" rel=\"noopener\"><b> \u00c9toile myst\u00e9rieuse<\/b><\/a>. De jour en jour, il est en train de fixer ses records de plus en plus hauts. Il est depuis longtemps maintenant le plus grand champion de l&rsquo;histoire de l&rsquo;\u00e9mission : avec plus de 600 participations, <a href=\"https:\/\/www.programme-tv.net\/news\/tv\/371321-incroyable-emilien-double-un-record-detenu-jusqu-alors-par-bruno-dans-les-12-coups-de-midi\/\" data-api-deeplink=\"teleloisirs:\/\/news\/371321\" target=\"_blank\" rel=\"noopener\">il d\u00e9passe de plus de deux fois le score du second du classement<\/a>, \u00e0 savoir Bruno Hourcade. Parmi tous les records d\u00e9tenus par l\u2019\u00e9tudiant en Histoire, celui du nombre d\u2019\u00c9toiles myst\u00e9rieuses d\u00e9couvert dans Les 12 coups de midi.<\/p>\n<p>Les 12 coups de midi : qui \u00e9tait la personnalit\u00e9 cach\u00e9e derri\u00e8re la 22\u00e8me \u00c9toile myst\u00e9rieuse d\u00e9couverte par \u00c9milien ?<\/p>\n<p>Ce samedi 31 mai, <b>le Vend\u00e9en a donn\u00e9 (avec succ\u00e8s) le nom d&rsquo;Andy Warhol<\/b>, apr\u00e8s avoir propos\u00e9 de nombreuses personnalit\u00e9s comme les chanteuses <a href=\"https:\/\/www.programme-tv.net\/biographie\/358777-lipa-dua\/\" data-link-people=\"335bdf90-332f-4e22-884b-73f5b9737898\" target=\"_blank\" rel=\"noopener\">Dua Lipa<\/a>, <a href=\"https:\/\/www.programme-tv.net\/biographie\/182719-perry-katy\/\" data-link-people=\"2a4f643e-5d2e-4dca-8665-b94cc722d829\" target=\"_blank\" rel=\"noopener\">Katy Perry<\/a>, Ang\u00e8le et <a href=\"https:\/\/www.programme-tv.net\/biographie\/13146-dion-celine\/\" data-link-people=\"2d276218-2898-44fb-9739-5e391ae09223\" target=\"_blank\" rel=\"noopener\">C\u00e9line Dion<\/a>, mais aussi l\u2019acteur <a href=\"https:\/\/www.programme-tv.net\/biographie\/2620-gosling-ryan\/\" data-link-people=\"e2c92c35-3b88-4818-9214-1a5656a803d7\" target=\"_blank\" rel=\"noopener\">Ryan Gosling<\/a> ou encore l&rsquo;influenceuse <a href=\"https:\/\/www.programme-tv.net\/biographie\/474022-situations-lena\/\" data-link-people=\"fe17f527-7fd6-48f9-80dc-179dccee547e\" target=\"_blank\" rel=\"noopener\">L\u00e9na Situations<\/a>. Et c&rsquo;\u00e9tait bien le peintre am\u00e9ricain qui se cachait derri\u00e8re les cases bleues. Maintenant que nous connaissons son identit\u00e9, il est bien plus facile de comprendre les indices. Le pont est celui de la ville de Pittsburgh, aux \u00c9tats-Unis, o\u00f9 est n\u00e9 Andy Warhol. La chaussure \u00e0 talon rose fait r\u00e9f\u00e9rence \u00e0 son premier m\u00e9tier d&rsquo;illustrateur de mode pendant lequel il dessinait de nombreux souliers f\u00e9minins. La soupe repr\u00e9sente les c\u00e9l\u00e8bres bo\u00eetes de Campbell Soup qu&rsquo;il a peintes. Le cam\u00e9scope en haut \u00e0 gauche fait \u00e9cho aux films que Warhol a r\u00e9alis\u00e9s. Sur la droite de l&rsquo;image, il est possible de voir une chemin\u00e9e d&rsquo;usine, ce qui nous ram\u00e8ne \u00e0 la Factory (traduction anglaise du mot \u00ab\u00a0usine\u00a0\u00bb), nom de sa galerie d&rsquo;art \u00e0 New York.<\/p>\n<p>                        Voici ce qui va changer dans Les 12 coups de midi d\u00e8s ce dimanche 1er juin 2025<\/p>\n<p>Apr\u00e8s avoir rafl\u00e9 sa 22e vitrine, <b>\u00c9milien risque de perdre ses rep\u00e8res ce dimanche 1er juin<\/b>. Le plateau du programme de Jean-Luc Reichmann va en effet se transformer&#8230; pour passer en mode \u00e9t\u00e9 ! Transats, palmiers, bou\u00e9es ou encore perroquets, un vent de fra\u00eecheur soufflera pour le second \u00e9t\u00e9 d&rsquo;\u00c9milien en tant que Ma\u00eetre de midi. Reste \u00e0 savoir combien de temps le petit prodige en culture g\u00e9n\u00e9rale restera encore dans l&rsquo;\u00e9mission quotidienne de la Une, <a href=\"https:\/\/www.programme-tv.net\/news\/tv\/379841-c-est-la-suite-logique-emilien-les-12-coups-de-midi-en-dit-plus-sur-son-avenir-professionnel-lorsqu-il-sera-elimine\/\" data-api-deeplink=\"teleloisirs:\/\/news\/379841\" target=\"_blank\" rel=\"noopener\">lui qui a r\u00e9cemment \u00e9voqu\u00e9 le jour o\u00f9 il sera \u00e9limin\u00e9<\/a>.<\/p>\n","protected":false},"excerpt":{"rendered":"\u00c9milien continue son parcours hors normes dans Les 12 coups de midi puisqu&rsquo;il vient de d\u00e9couvrir sa 22\u1d49&hellip;\n","protected":false},"author":2,"featured_media":143435,"comment_status":"","ping_status":"","sticky":false,"template":"","format":"standard","meta":{"footnotes":""},"categories":[1356],"tags":[244,58,8049,59,1011,27,465,8050,252,199,2175,1364,27152],"class_list":{"0":"post-143434","1":"post","2":"type-post","3":"status-publish","4":"format-standard","5":"has-post-thumbnail","7":"category-television","8":"tag-commentaire","9":"tag-divertissement","10":"tag-emilien-les-12-coups-de-midi","11":"tag-entertainment","12":"tag-fr","13":"tag-france","14":"tag-jean-luc-reichmann","15":"tag-les-douze-coups-de-midi","16":"tag-television","17":"tag-tf1","18":"tag-tl-story","19":"tag-tv","20":"tag-u00e9toile-mystu00e9rieuse"},"share_on_mastodon":{"url":"https:\/\/pubeurope.com\/@fr\/114606763501701673","error":""},"_links":{"self":[{"href":"https:\/\/www.europesays.com\/fr\/wp-json\/wp\/v2\/posts\/143434","targetHints":{"allow":["GET"]}}],"collection":[{"href":"https:\/\/www.europesays.com\/fr\/wp-json\/wp\/v2\/posts"}],"about":[{"href":"https:\/\/www.europesays.com\/fr\/wp-json\/wp\/v2\/types\/post"}],"author":[{"embeddable":true,"href":"https:\/\/www.europesays.com\/fr\/wp-json\/wp\/v2\/users\/2"}],"replies":[{"embeddable":true,"href":"https:\/\/www.europesays.com\/fr\/wp-json\/wp\/v2\/comments?post=143434"}],"version-history":[{"count":0,"href":"https:\/\/www.europesays.com\/fr\/wp-json\/wp\/v2\/posts\/143434\/revisions"}],"wp:featuredmedia":[{"embeddable":true,"href":"https:\/\/www.europesays.com\/fr\/wp-json\/wp\/v2\/media\/143435"}],"wp:attachment":[{"href":"https:\/\/www.europesays.com\/fr\/wp-json\/wp\/v2\/media?parent=143434"}],"wp:term":[{"taxonomy":"category","embeddable":true,"href":"https:\/\/www.europesays.com\/fr\/wp-json\/wp\/v2\/categories?post=143434"},{"taxonomy":"post_tag","embeddable":true,"href":"https:\/\/www.europesays.com\/fr\/wp-json\/wp\/v2\/tags?post=143434"}],"curies":[{"name":"wp","href":"https:\/\/api.w.org\/{rel}","templated":true}]}}