{"id":143462,"date":"2025-06-01T07:00:09","date_gmt":"2025-06-01T07:00:09","guid":{"rendered":"https:\/\/www.europesays.com\/fr\/143462\/"},"modified":"2025-06-01T07:00:09","modified_gmt":"2025-06-01T07:00:09","slug":"on-ne-pourrait-pas-revivre-dans-une-maison-on-vous-raconte-la-vie-pas-comme-les-autres-de-ce-couple-qui-vit-sur-son-bateau-a-saint-mandrier","status":"publish","type":"post","link":"https:\/\/www.europesays.com\/fr\/143462\/","title":{"rendered":"\u00ab\u00a0On ne pourrait pas revivre dans une maison\u00a0\u00bb, on vous raconte la vie (pas comme les autres) de ce couple qui vit sur son bateau \u00e0 Saint-Mandrier"},"content":{"rendered":"<p>Depuis un ponton du quai S\u00e9verine \u00e0 Saint-Mandrier, on entend la musique \u00ab\u00a0Born to be wild\u00a0\u00bb (n\u00e9 pour \u00eatre sauvage) du groupe de rock am\u00e9ricain Steppenwolf, la bande originale du film Easy Rider. On s\u2019attend \u00e0 voir sortir de la cabine du voilier un fan de heavy metal, en blouson de motard. Rat\u00e9.<\/p>\n<p>Fleur de Tiar\u00e9 dans les cheveux, par\u00e9o de plage color\u00e9 nou\u00e9 autour de la taille et voix douce, Moe tire plus de la vahin\u00e9 que du biker. \u00ab\u00a0J\u2019\u00e9tais en train de faire des toiles de bateau sur ma machine \u00e0 coudre\u00a0\u00bb, sourit la Tahitienne de 37 ans. Bienvenue \u00e0 bord du Dichal, un voilier Beneteau Oc\u00e9anis 390 (1).<\/p>\n<p>R\u00eave d\u2019ailleurs<\/p>\n<p>Depuis quatre ans, Moe vit au port de Saint-Mandrier avec son mari Fabrice et leur fille \u00e2g\u00e9e de 4 ans, Ina (\u00e9toile de mer en tahitien). \u00ab\u00a0J\u2019ai grandi dans un milieu marin, vu qu\u2019\u00e0 Tahiti on est entour\u00e9s par la mer. Et j\u2019ai beaucoup pratiqu\u00e9 le Hobie Cat, la planche \u00e0 voile\u2026 Donc j\u2019avais d\u00e9j\u00e0 l\u2019esprit tourn\u00e9 vers la mer\u00a0\u00bb, rembobine la marinette. Arriv\u00e9e en M\u00e9tropole en 2019, la Polyn\u00e9sienne \u00ab\u00a0atterrit dans le Jura\u00a0\u00bb o\u00f9 elle rencontre Fabrice, qui vivait alors dans l\u2019est de la France. \u00ab\u00a0Je rentrais de Nouvelle-Cal\u00e9donie et on cherchait tous les deux du travail. On s\u2019est rencontr\u00e9s \u00e0 P\u00f4le Emploi\u00a0\u00bb, raconte le quadrag\u00e9naire. Loin de la mer donc, mais avec \u00ab\u00a0les m\u00eames envies d\u2019\u00e9vasion\u00a0\u00bb. Le couple d\u00e9cide alors d\u2019acheter un voilier et de s\u2019installer dans la rade.<\/p>\n<p>\u00ab\u00a0C\u2019\u00e9tait d\u00e9j\u00e0 le r\u00eave de mon p\u00e8re de faire le tour du monde en voilier, partage Fabrice. Donc j\u2019ai toujours eu \u00e7a dans la t\u00eate depuis tout petit et \u00e7a a m\u00fbri avec les ann\u00e9es.\u00a0\u00bb Du r\u00eave \u00e0 la r\u00e9alit\u00e9, il y a une premi\u00e8re \u00e9tape: Saint-Mandrier. \u00ab\u00a0On a eu la chance d\u2019avoir un contrat annuel (2) avec le club de l\u2019Amicale des plaisanciers Mandr\u00e9ens (APM)\u00a0\u00bb, remercie le propri\u00e9taire du bateau. \u00ab\u00a0Au d\u00e9but on \u00e9tait au mouillage avec notre fille qui n\u2019avait que trois mois. Donc ils nous voyaient faire des allers-retours avec l\u2019annexe et on a obtenu une place au port\u00a0\u00bb, rembobine Moe.<\/p>\n<p>Changement de vie<\/p>\n<p>M\u00e9canicien sur les engins de travaux publics, Fabrice a \u00ab\u00a0d\u00e9riv\u00e9 sur le nautisme\u00a0\u00bb quand il est parti en Nouvelle-Cal\u00e9donie \u00e0 32 ans: \u00ab\u00a0l\u2019ambiance est plus sympa sur les pontons que dans les carri\u00e8res.\u00a0\u00bb Moe est aide \u00e0 domicile au village. Et couturi\u00e8re \u00e0 ses heures perdues. \u00ab\u00a0Avant on avait une maison. Mais on se rend compte qu\u2019on n\u2019a pas besoin de tant de choses que cela. \u00c0 bord on vit avec le strict n\u00e9cessaire.\u00a0\u00bb Un changement de vie radical.<\/p>\n<p>Le bateau est \u00e9quip\u00e9 d\u2019une cuisini\u00e8re avec four int\u00e9gr\u00e9, douche, WC, d\u2019un r\u00e9servoir d\u2019eau de 800 litres qui permet \u00e0 la famille de \u00ab\u00a0tenir un mois en faisant attention\u00a0\u00bb, et de trois cabines de couchage. \u00ab\u00a0On a une libert\u00e9 sur un bateau qu\u2019on n\u2019a pas dans une maison ou un appartement. C\u2019est un camping-car sur l\u2019eau.\u00a0\u00bb \u00ab\u00a0On peut partir quand on veut, et tout est d\u00e9j\u00e0 pr\u00eat \u00e0 bord\u00a0\u00bb, compl\u00e8te Moe. D\u2019ailleurs, la famille Bevand prendra bient\u00f4t le large. Destination: Tahiti.<\/p>\n<p>\u00ab\u00a0On a une bonne fourchette m\u00e9t\u00e9o entre le 25 septembre et le 10 octobre\u00a0\u00bb, envisage Fabrice. Un long p\u00e9riple de cinq mois, du Cap Vert au canal de Panama, puis une travers\u00e9e du Pacifique jusqu\u2019en Polyn\u00e9sie fran\u00e7aise. Et une grande premi\u00e8re aussi. \u00ab\u00a0J\u2019avais d\u00e9j\u00e0 navigu\u00e9 \u00e0 Noum\u00e9a, raconte Fabrice. Mais le plus loin qu\u2019on est all\u00e9s ici, c\u2019est Port-Cros et l\u2019\u00eele du Levant.\u00a0\u00bb<\/p>\n<p>Un aller simple<\/p>\n<p>Une aventure aussi pour leur fille Ina, qui a grandi sur le bateau et fera l\u2019\u00e9cole autour du globe, avant de faire sa rentr\u00e9e \u00e0 Tahiti l\u2019ann\u00e9e prochaine. La famille vagabonde sera au mouillage dans la baie de Phaeton, la presqu\u2019\u00eele de Tahiti. La navigatrice y poss\u00e8de des terres, o\u00f9 elle pourra s\u2019adonner \u00e0 sa passion pour le jardinage: \u00ab\u00a0J\u2019ai toujours eu les mains dans la terre donc j\u2019avoue que \u00e7a me manque beaucoup.\u00a0\u00bb De quoi mettre le pied \u00e0 terre? \u00ab\u00a0Tous les deux, on ne pourrait pas revivre dans une maison ou en appartement. Ou peut-\u00eatre un bout de terre avec un fare (un bugalow typique de Polyn\u00e9sie) oui, mais sinon c\u2019est trop cool de vivre sur un bateau.\u00a0\u00bb<\/p>\n<p>Fabrice a d\u00e9j\u00e0 un travail qui l\u2019attend \u00e0 Tahiti. Et Moe, aide \u00e0 domicile et native de l\u2019archipel, \u00ab\u00a0n\u2019aura pas de mal \u00e0 trouver du travail\u00a0\u00bb. \u00ab\u00a0De toute fa\u00e7on on ne pourra pas revenir avec le bateau. Dans l\u2019autre sens ce n\u2019est pas la route des aliz\u00e9s; le tour du monde \u00e0 l\u2019envers, c\u2019est plus compliqu\u00e9\u2026\u00a0\u00bb, explique le couple. De la presqu\u2019\u00eele de Saint-Mandrier \u00e0 celle de Tahiti, ce sera donc un aller simple\u2026 pour le paradis.<\/p>\n<p>1. Le monocoque habitable mesure 11,70m\u00e8tres de long par 3,90m\u00e8tres de large. Pesant 6 tonnes il est \u00e9quip\u00e9 d\u2019un g\u00e9nois, un spi asym\u00e9trique, une trinquette et une grand-voile de 35m\u00b2.<\/p>\n<p>2. La famille propri\u00e9taire du bateau paie 5.100 euros par an \u00ab\u00a0eau et \u00e9lectricit\u00e9 compris\u00a0\u00bb pour la place au port de Saint-Mandrier.<\/p>\n","protected":false},"excerpt":{"rendered":"Depuis un ponton du quai S\u00e9verine \u00e0 Saint-Mandrier, on entend la musique \u00ab\u00a0Born to be wild\u00a0\u00bb (n\u00e9 pour&hellip;\n","protected":false},"author":2,"featured_media":143463,"comment_status":"","ping_status":"","sticky":false,"template":"","format":"standard","meta":{"footnotes":""},"categories":[9619],"tags":[1111,11,1777,674,1011,27,12,882,25,2310,3366],"class_list":{"0":"post-143462","1":"post","2":"type-post","3":"status-publish","4":"format-standard","5":"has-post-thumbnail","7":"category-toulon","8":"tag-actu","9":"tag-actualites","10":"tag-eu","11":"tag-europe","12":"tag-fr","13":"tag-france","14":"tag-news","15":"tag-provence-alpes-cote-dazur","16":"tag-republique-francaise","17":"tag-toulon","18":"tag-vie-locale"},"share_on_mastodon":{"url":"https:\/\/pubeurope.com\/@fr\/114606822127329437","error":""},"_links":{"self":[{"href":"https:\/\/www.europesays.com\/fr\/wp-json\/wp\/v2\/posts\/143462","targetHints":{"allow":["GET"]}}],"collection":[{"href":"https:\/\/www.europesays.com\/fr\/wp-json\/wp\/v2\/posts"}],"about":[{"href":"https:\/\/www.europesays.com\/fr\/wp-json\/wp\/v2\/types\/post"}],"author":[{"embeddable":true,"href":"https:\/\/www.europesays.com\/fr\/wp-json\/wp\/v2\/users\/2"}],"replies":[{"embeddable":true,"href":"https:\/\/www.europesays.com\/fr\/wp-json\/wp\/v2\/comments?post=143462"}],"version-history":[{"count":0,"href":"https:\/\/www.europesays.com\/fr\/wp-json\/wp\/v2\/posts\/143462\/revisions"}],"wp:featuredmedia":[{"embeddable":true,"href":"https:\/\/www.europesays.com\/fr\/wp-json\/wp\/v2\/media\/143463"}],"wp:attachment":[{"href":"https:\/\/www.europesays.com\/fr\/wp-json\/wp\/v2\/media?parent=143462"}],"wp:term":[{"taxonomy":"category","embeddable":true,"href":"https:\/\/www.europesays.com\/fr\/wp-json\/wp\/v2\/categories?post=143462"},{"taxonomy":"post_tag","embeddable":true,"href":"https:\/\/www.europesays.com\/fr\/wp-json\/wp\/v2\/tags?post=143462"}],"curies":[{"name":"wp","href":"https:\/\/api.w.org\/{rel}","templated":true}]}}