{"id":143464,"date":"2025-06-01T07:01:10","date_gmt":"2025-06-01T07:01:10","guid":{"rendered":"https:\/\/www.europesays.com\/fr\/143464\/"},"modified":"2025-06-01T07:01:10","modified_gmt":"2025-06-01T07:01:10","slug":"face-a-lunion-bordeaux-begles-toulon-doit-rectifier-le-tir","status":"publish","type":"post","link":"https:\/\/www.europesays.com\/fr\/143464\/","title":{"rendered":"Face \u00e0 l&rsquo;Union Bordeaux B\u00e8gles, Toulon doit \u00ab\u00a0rectifier le tir\u00a0\u00bb"},"content":{"rendered":"<p><a href=\"https:\/\/www.laprovence.com\/article\/sports\/2384481537978715\/rugby-champions-cup-le-rc-toulon-tombe-a-la-derniere-minute-en-quart-de-finale-contre-toulouse\" target=\"_blank\" rel=\"noopener\">Une \u00e9limination en quart de finale de Champions Cup<\/a> au mois d\u2019avril, une <a href=\"https:\/\/www.laprovence.com\/article\/sports\/1079947026676315\/rugby-top-14-une-fessee-record-pour-toulon\" target=\"_blank\" rel=\"noopener\">claque toulousaine \u00e0 Marseille<\/a>, des points perdus \u00e0 Pau et <a href=\"https:\/\/www.laprovence.com\/article\/sports\/4801831597219914\/rugby-top-14-melvyn-jaminet-sort-sur-civiere-avec-toulon\" target=\"_blank\" rel=\"noopener\">Vannes<\/a>\u2026 La liste des tombeurs du RC Toulonnais ne cesse de s\u2019allonger semaine apr\u00e8s semaine, alors que le club a plus que jamais le regard tourn\u00e9 vers la deuxi\u00e8me place. Au risque de s\u2019enfermer dans une dynamique n\u00e9gative\u00a0? \u00c0 la veille de la r\u00e9ception de l\u2019Union Bordeaux B\u00e8gles, \u00e0 quitte ou double pour les Toulonnais, l\u2019entra\u00eeneur adjoint du RCT <a href=\"https:\/\/www.laprovence.com\/actu\/en-direct\/6484851\/rugby-emblematique-joueur-de-toulon-sergio-parisse-annonce-sa-retraite-a-la-fin-de-la-saison.html\" target=\"_blank\" rel=\"noopener\">Sergio Parisse<\/a> se veut rassurant.<\/p>\n<p>\u00ab\u00a0Je ne pense pas que l\u2019\u00e9quipe se soit\u00a0perdue dans son rugby. Elle a battu Clermont six jours apr\u00e8s ce match, et m\u00eame si ce n\u2019\u00e9tait pas terrible, il fallait montrer cette capacit\u00e9 de rebondir en gagnant contre une \u00e9quipe qui lutte pour le top 6\u00a0\u00bb, tranche-t-il, avant d\u2019ajouter\u00a0: \u00ab\u00a0Mais quand tu te d\u00e9places \u00e0 Vannes dans de mauvaises conditions, que tu perds, et qu\u2019ensuite tu encaisses cinquante points contre Toulouse \u00e0 Marseille, \u00e7a te place dans une spirale n\u00e9gative.\u00a0\u00bb<\/p>\n<p>\u00ab\u00a0Pas de raison de douter\u00a0\u00bb<\/p>\n<p>De quoi impacter le mental du XV toulonnais\u00a0? \u00ab\u00a0On a pris deux claques et on a r\u00e9alis\u00e9 une mauvaise premi\u00e8re p\u00e9riode \u00e0 Pau. \u00c7a pousse \u00e0 se poser des questions, mais il ne faut pas que cette \u00e9quipe s\u2019en pose trop. Elle doit croire en ce qu\u2019elle fait car \u00e7a a fonctionn\u00e9 depuis le d\u00e9but de la saison. Il n\u2019y a pas de raison d\u2019avoir des doutes\u00a0\u00bb, balaie-t-il d\u2019un revers de main. Et l\u2019entra\u00eeneur adjoint va m\u00eame plus loin\u00a0: \u00ab\u00a0On va jouer dimanche contre l\u2019\u00e9quipe championne d\u2019Europe, il faut que les joueurs ne se posent aucune question et qu\u2019ils remettent les pendules \u00e0 l\u2019heure.\u00a0\u00bb<\/p>\n<p>\u00ab\u00a0Encore une chance d\u2019\u00eatre 2e\u00a0\u00bb<\/p>\n<p>Face au nouveau champion d\u2019Europe, l\u2019objectif des Toulonnais est donc clair\u00a0: \u00ab\u00a0Rectifier le tir\u00a0\u00bb et \u00ab\u00a0retrouver une grosse victoire, un match r\u00e9f\u00e9rence\u00a0\u00bb. Pour y parvenir, le staff mise sur les fondamentaux, et compte \u00ab\u00a0se concentrer sur les bases, retrouver des choses simples\u00a0\u00bb.<\/p>\n<p>Reste \u00e0 savoir si cela suffira pour cr\u00e9er l\u2019exploit face \u00e0 une \u00e9quipe dont le moral est gonfl\u00e9 \u00e0 bloc\u00a0: \u00ab\u00a0Les Bordelais savent qu\u2019ils ont cinq points d\u2019avance sur nous en Top 14. Donc s\u2019ils perdent, ils peuvent se mettre en danger pour conserver la deuxi\u00e8me place. Ils ont gagn\u00e9, donc ils peuvent venir d\u00e9contract\u00e9s, dans l\u2019euphorie et en pleine confiance.\u00a0\u00bb Motif d\u2019espoir\u00a0? Dans un Mayol annonc\u00e9 \u00e0 guichets ferm\u00e9s, l\u2019UBB va faire largement tourner son effectif et n\u2019alignera que deux titulaires champions d\u2019Europe la semaine derni\u00e8re (Yoram Moefana et Adam Coleman).<\/p>\n<p>Une victoire permettrait non seulement aux Rouges et Noirs de souffler, mais de guigner la deuxi\u00e8me place\u2026 synonyme d\u2019une qualification directe en demi-finale. \u00ab\u00a0Tout le monde pr\u00e9f\u00e9rerait aller directement en demi-finales plut\u00f4t que de disputer un match de barrage. Math\u00e9matiquement, on a encore une chance de pouvoir prendre la deuxi\u00e8me place m\u00eame si ce sera tr\u00e8s difficile\u00a0\u00bb, conclut Sergio Parisse. Et de l\u00e2cher\u00a0: \u00ab\u00a0Ensuite on fera les comptes avant d\u2019aller \u00e0 Bayonne lors de la derni\u00e8re journ\u00e9e.\u00a0\u00bb<\/p>\n","protected":false},"excerpt":{"rendered":"Une \u00e9limination en quart de finale de Champions Cup au mois d\u2019avril, une claque toulousaine \u00e0 Marseille, des&hellip;\n","protected":false},"author":2,"featured_media":143465,"comment_status":"","ping_status":"","sticky":false,"template":"","format":"standard","meta":{"footnotes":""},"categories":[9619],"tags":[17,1111,11,4402,1997,1777,674,2823,1011,27,4537,12,882,25,479,60,3030,2310],"class_list":{"0":"post-143464","1":"post","2":"type-post","3":"status-publish","4":"format-standard","5":"has-post-thumbnail","7":"category-toulon","8":"tag-17","9":"tag-actu","10":"tag-actualites","11":"tag-begles","12":"tag-bordeaux","13":"tag-eu","14":"tag-europe","15":"tag-face","16":"tag-fr","17":"tag-france","18":"tag-lunion","19":"tag-news","20":"tag-provence-alpes-cote-dazur","21":"tag-republique-francaise","22":"tag-rugby","23":"tag-sports","24":"tag-top","25":"tag-toulon"},"share_on_mastodon":{"url":"https:\/\/pubeurope.com\/@fr\/114606826199833432","error":""},"_links":{"self":[{"href":"https:\/\/www.europesays.com\/fr\/wp-json\/wp\/v2\/posts\/143464","targetHints":{"allow":["GET"]}}],"collection":[{"href":"https:\/\/www.europesays.com\/fr\/wp-json\/wp\/v2\/posts"}],"about":[{"href":"https:\/\/www.europesays.com\/fr\/wp-json\/wp\/v2\/types\/post"}],"author":[{"embeddable":true,"href":"https:\/\/www.europesays.com\/fr\/wp-json\/wp\/v2\/users\/2"}],"replies":[{"embeddable":true,"href":"https:\/\/www.europesays.com\/fr\/wp-json\/wp\/v2\/comments?post=143464"}],"version-history":[{"count":0,"href":"https:\/\/www.europesays.com\/fr\/wp-json\/wp\/v2\/posts\/143464\/revisions"}],"wp:featuredmedia":[{"embeddable":true,"href":"https:\/\/www.europesays.com\/fr\/wp-json\/wp\/v2\/media\/143465"}],"wp:attachment":[{"href":"https:\/\/www.europesays.com\/fr\/wp-json\/wp\/v2\/media?parent=143464"}],"wp:term":[{"taxonomy":"category","embeddable":true,"href":"https:\/\/www.europesays.com\/fr\/wp-json\/wp\/v2\/categories?post=143464"},{"taxonomy":"post_tag","embeddable":true,"href":"https:\/\/www.europesays.com\/fr\/wp-json\/wp\/v2\/tags?post=143464"}],"curies":[{"name":"wp","href":"https:\/\/api.w.org\/{rel}","templated":true}]}}