{"id":143470,"date":"2025-06-01T07:04:08","date_gmt":"2025-06-01T07:04:08","guid":{"rendered":"https:\/\/www.europesays.com\/fr\/143470\/"},"modified":"2025-06-01T07:04:08","modified_gmt":"2025-06-01T07:04:08","slug":"une-nouvelle-boutique-ouvre-pour-les-collectionneurs-pres-de-rouen","status":"publish","type":"post","link":"https:\/\/www.europesays.com\/fr\/143470\/","title":{"rendered":"une nouvelle boutique ouvre pour les collectionneurs pr\u00e8s de Rouen"},"content":{"rendered":"<p>            Par<br \/>\n        <strong><br \/>\n            <a href=\"https:\/\/actu.fr\/auteur\/le-journal-delbeuf\" title=\"Consulter tous les articles de R\u00e9daction Elbeuf\" rel=\"nofollow noopener\" target=\"_blank\">R\u00e9daction Elbeuf<\/a><br \/>\n        <\/strong><\/p>\n<p>        Publi\u00e9 le<\/p>\n<p>            1 juin 2025 \u00e0 7h56        <\/p>\n<p>Il est tomb\u00e9 dans la marmite \u00e0 force d\u2019\u00eatre de collectionner, d\u2019\u00e9changer et de vendre en live sur Internet.<\/p>\n<p class=\" wall-content\">Alors Toumi Boumedouha a d\u00e9cid\u00e9 d\u2019ouvrir sa propre <b>boutique<\/b> d\u00e9di\u00e9e aux <b>cartes Pok\u00e9mon<\/b>, en plein centre de <a href=\"https:\/\/actu.fr\/normandie\/caudebec-les-elbeuf_76165\" rel=\"nofollow noopener\" target=\"_blank\">Caudebec (Seine-Maritime)<\/a>.<\/p>\n<p>Pour les fans de Pok\u00e9mon<\/p>\n<p class=\" wall-content\">Dans un espace am\u00e9nag\u00e9 convivialement, o\u00f9 se situait avant une partie du caf\u00e9 de la Place, c\u2019est <b>une surface en \u00e9tage de 120 m\u00b2<\/b> qui est mise \u00e0 disposition des amateurs de cartes Pok\u00e9mon, de <b>mangas<\/b> et de <b>jeux vid\u00e9o<\/b>.<\/p>\n<p class=\" wall-content\">Le succ\u00e8s de ces fameuses cartes n\u2019est plus \u00e0 prouver, aupr\u00e8s d\u2019un public qui va de six ans \u00e0 82\u00a0ans, comme Daniel, un client de passage vendredi dernier. Mais le grand public sait souvent moins que le prix de ces cartes varie selon leur raret\u00e9, leur \u00e9tat de conservation et la demande du march\u00e9, pour parfois atteindre des sommes astronomiques.<\/p>\n<p class=\" wall-content\">Par exemple, derni\u00e8rement, le record pour une carte Pok\u00e9mon a \u00e9t\u00e9 \u00e9tabli \u00e0 800 000\u00a0dollars.<\/p>\n<p>Vid\u00e9os : en ce moment sur Actu<\/p>\n<p class=\" wall-content\">Toumi Boumedouha, lui, a d\u00e9j\u00e0 une r\u00e9putation flatteuse dans le milieu des collectionneurs puisque des clients de Rouen viennent chercher chez lui ce qu\u2019ils ne trouvent pas dans leur ville.<\/p>\n<p>Pika play,\u00a013 rue L\u00e9on-Gambetta.\u00a0T\u00e9l : 07 77 77 96 00. Du mardi au vendredi, de 10 h \u00e0 12 h et de 14 h \u00e0 19 h, et le\u00a0samedi, de 10 h \u00e0 19 h.<\/p>\n<p class=\" wall-content\">Suivez toute l\u2019actualit\u00e9 de vos villes et m\u00e9dias favoris en vous inscrivant \u00e0 <a href=\"https:\/\/moncompte.actu.fr\" title=\"D\u00e9couvez Mon Actu\" rel=\"nofollow noopener\" data-trk=\"{&quot;cta&quot;:{&quot;action&quot;:&quot;https:\\\/\\\/moncompte.actu.fr&quot;,&quot;category&quot;:&quot;mon compte&quot;,&quot;from&quot;:&quot;article footer&quot;,&quot;name&quot;:&quot;Mon actu&quot;,&quot;type&quot;:&quot;cta&quot;}}\" target=\"_blank\">Mon Actu<\/a>.<\/p>\n","protected":false},"excerpt":{"rendered":"Par R\u00e9daction Elbeuf Publi\u00e9 le 1 juin 2025 \u00e0 7h56 Il est tomb\u00e9 dans la marmite \u00e0 force&hellip;\n","protected":false},"author":2,"featured_media":143471,"comment_status":"","ping_status":"","sticky":false,"template":"","format":"standard","meta":{"footnotes":""},"categories":[9587],"tags":[1111,11,215,1777,674,1011,27,12,5161,25,9590,104],"class_list":{"0":"post-143470","1":"post","2":"type-post","3":"status-publish","4":"format-standard","5":"has-post-thumbnail","7":"category-rouen","8":"tag-actu","9":"tag-actualites","10":"tag-commerce","11":"tag-eu","12":"tag-europe","13":"tag-fr","14":"tag-france","15":"tag-news","16":"tag-normandie","17":"tag-republique-francaise","18":"tag-rouen","19":"tag-societe"},"share_on_mastodon":{"url":"https:\/\/pubeurope.com\/@fr\/114606837943658595","error":""},"_links":{"self":[{"href":"https:\/\/www.europesays.com\/fr\/wp-json\/wp\/v2\/posts\/143470","targetHints":{"allow":["GET"]}}],"collection":[{"href":"https:\/\/www.europesays.com\/fr\/wp-json\/wp\/v2\/posts"}],"about":[{"href":"https:\/\/www.europesays.com\/fr\/wp-json\/wp\/v2\/types\/post"}],"author":[{"embeddable":true,"href":"https:\/\/www.europesays.com\/fr\/wp-json\/wp\/v2\/users\/2"}],"replies":[{"embeddable":true,"href":"https:\/\/www.europesays.com\/fr\/wp-json\/wp\/v2\/comments?post=143470"}],"version-history":[{"count":0,"href":"https:\/\/www.europesays.com\/fr\/wp-json\/wp\/v2\/posts\/143470\/revisions"}],"wp:featuredmedia":[{"embeddable":true,"href":"https:\/\/www.europesays.com\/fr\/wp-json\/wp\/v2\/media\/143471"}],"wp:attachment":[{"href":"https:\/\/www.europesays.com\/fr\/wp-json\/wp\/v2\/media?parent=143470"}],"wp:term":[{"taxonomy":"category","embeddable":true,"href":"https:\/\/www.europesays.com\/fr\/wp-json\/wp\/v2\/categories?post=143470"},{"taxonomy":"post_tag","embeddable":true,"href":"https:\/\/www.europesays.com\/fr\/wp-json\/wp\/v2\/tags?post=143470"}],"curies":[{"name":"wp","href":"https:\/\/api.w.org\/{rel}","templated":true}]}}