{"id":143474,"date":"2025-06-01T07:06:11","date_gmt":"2025-06-01T07:06:11","guid":{"rendered":"https:\/\/www.europesays.com\/fr\/143474\/"},"modified":"2025-06-01T07:06:11","modified_gmt":"2025-06-01T07:06:11","slug":"une-voiture-percute-la-foule-4-blesses-de-la-meme-famille-dont-2-graves-294-interpellations","status":"publish","type":"post","link":"https:\/\/www.europesays.com\/fr\/143474\/","title":{"rendered":"une voiture percute la foule, 4 bless\u00e9s de la m\u00eame famille dont 2 graves, 294 interpellations"},"content":{"rendered":"<p>La f\u00eate, longtemps bon enfant, a vir\u00e9 au fiasco. \u00ab\u00a0Un v\u00e9hicule aurait perdu le contr\u00f4le, heurtant quatre personnes dont deux bless\u00e9es gri\u00e8vement\u00a0\u00bb, a indiqu\u00e9 la pr\u00e9fecture \u00e0 l&rsquo;AFP, pr\u00e9cisant que le conducteur s&rsquo;est rendu de lui-m\u00eame \u00e0 la police et est en garde \u00e0 vue.<\/p>\n<p>Le parquet a confirm\u00e9 que le <strong>conducteur du v\u00e9hicule \u00e9tait en garde \u00e0 vue.<\/strong> De source proche du dossier, on confirme que l&rsquo;acte n&rsquo;\u00e9tait pas intentionnel, pr\u00e9cise l&rsquo;AFP.<\/p>\n<p>La foule percut\u00e9e apr\u00e8s un \u00ab\u00a0d\u00e9rapage contr\u00f4l\u00e9\u00a0\u00bb<\/p>\n<p>Selon cette source, <strong>l&rsquo;automobiliste circulait \u00e0 vive allure sur le cours Jean-Jaur\u00e8s<\/strong>, une des art\u00e8res principales de Grenoble, quand il a tent\u00e9 d&rsquo;effectuer un d\u00e9rapage contr\u00f4l\u00e9, percutant la foule rassembl\u00e9e pour c\u00e9l\u00e9brer la <a href=\"https:\/\/www.laprovence.com\/article\/sports\/1323901011534214\/jaurais-prefere-mourir-avant-de-voir-ca-les-supporters-marseillais-degoutes-apres-la-victoire-de-paris-en-ligue-des-champions\" target=\"_blank\" rel=\"noopener\">victoire du PSG 5-0 face \u00e0 l&rsquo;Inter Milan<\/a>, \u00e0 Munich, en finale de la<a href=\"https:\/\/www.laprovence.com\/article\/sports\/1269600409958714\/32-ans-apres-lom-les-parisiens-a-jamais-les-deuxiemes-a-remporter-la-ligue-des-champions\" target=\"_blank\" rel=\"noopener\"> Ligue des champions<\/a>.<\/p>\n<p><strong>Le v\u00e9hicule a alors fauch\u00e9 quatre pi\u00e9tons<\/strong> : deux hommes de 17 ans et deux femmes de 23 et 46 ans, membres de la m\u00eame famille, selon la source proche du dossier.<\/p>\n<p>Tous ont \u00e9t\u00e9 m\u00e9dicalis\u00e9s et transport\u00e9s au CHU Grenoble Alpes, dont deux dans un \u00e9tat grave, selon la pr\u00e9fecture, qui n&rsquo;\u00e9tait pas en mesure de pr\u00e9ciser si leur pronostic vital \u00e9tait engag\u00e9.<\/p>\n<p>Vingt-sept fonctionnaires de police ainsi que 40 pompiers ont \u00e9t\u00e9 mobilis\u00e9s \u00ab\u00a0sur l&rsquo;accident\u00a0\u00bb, a-t-on ajout\u00e9.<\/p>\n<p>L&rsquo;intervention s&rsquo;est d\u00e9roul\u00e9e sous quelques tirs de mortiers d&rsquo;artifice, selon des vid\u00e9os circulant sur les r\u00e9seaux sociaux qui montraient \u00e9galement du mobilier urbain d\u00e9grad\u00e9.<\/p>\n<p>\u00a0\u00c0 2h, <strong>294 personnes avaient \u00e9t\u00e9 interpell\u00e9es<\/strong>, selon un bilan de la pr\u00e9fecture de police (PP) de Paris.<\/p>\n<p>Pr\u00e8s du Parc de Princes, porte de Saint-Cloud, <strong>une voiture a \u00e9t\u00e9 incendi\u00e9e<\/strong> peu avant 23 h, puis une seconde vers minuit, selon des journalistes de l&rsquo;AFP. Des \u00e9chauffour\u00e9es ont \u00e9clat\u00e9 \u00e0 plusieurs reprises sur les Champs-\u00c9lys\u00e9es entre les forces de l&rsquo;ordre et des petits groupes mobiles, \u00e9changeant tirs de gaz lacrymog\u00e8nes et mortiers d&rsquo;artifice ou divers projectiles. Des v\u00e9los en libre-service ont \u00e9galement \u00e9t\u00e9 br\u00fbl\u00e9s sur la c\u00e9l\u00e8bre avenue. Un <strong>magasin de chaussures de l&rsquo;avenue a \u00e9t\u00e9 pill\u00e9<\/strong>, selon<a href=\"https:\/\/www.ouest-france.fr\/sport\/football\/paris-sg\/victoire-du-psg-au-moins-294-interpellations-a-paris-des-incidents-ailleurs-en-france-c5dd0fd4-3ea7-11f0-a72b-a30f16c34b2f\" target=\"_blank\" rel=\"noopener\"> Ouest-France.<\/a><\/p>\n<p>\u00c0 Alen\u00e7on, dans l&rsquo;Orne, <strong>un conducteur a perdu le contr\u00f4le de son v\u00e9hicule <\/strong>et termin\u00e9 sa course en plein dans l&rsquo;agence Axa. Son v\u00e9hicule a pris feu, n\u00e9cessitant l&rsquo;\u00e9vacuation d&rsquo;un immeuble \u00e0 proximit\u00e9.\u00a0<\/p>\n<p>\u00c0 Nantes, en Loire-Atlantique, un bus a \u00e9t\u00e9 pris pour cible et victime de <strong>jets de projectiles<\/strong>. Un magasin de sport a aussi \u00e9t\u00e9 attaqu\u00e9. La situation a rapidement \u00e9t\u00e9 contr\u00f4l\u00e9e, pr\u00e9cisent nos confr\u00e8res.<\/p>\n","protected":false},"excerpt":{"rendered":"La f\u00eate, longtemps bon enfant, a vir\u00e9 au fiasco. \u00ab\u00a0Un v\u00e9hicule aurait perdu le contr\u00f4le, heurtant quatre personnes&hellip;\n","protected":false},"author":2,"featured_media":143475,"comment_status":"","ping_status":"","sticky":false,"template":"","format":"standard","meta":{"footnotes":""},"categories":[9566],"tags":[17,1111,11,2430,1777,674,274,652,27154,1011,27,2731,12,5912,93,25,96,1264],"class_list":{"0":"post-143474","1":"post","2":"type-post","3":"status-publish","4":"format-standard","5":"has-post-thumbnail","7":"category-grenoble","8":"tag-17","9":"tag-actu","10":"tag-actualites","11":"tag-auvergne-rhone-alpes","12":"tag-eu","13":"tag-europe","14":"tag-faits-divers-justice","15":"tag-famille","16":"tag-fauchee","17":"tag-fr","18":"tag-france","19":"tag-grenoble","20":"tag-news","21":"tag-par","22":"tag-psg","23":"tag-republique-francaise","24":"tag-une","25":"tag-victoire"},"share_on_mastodon":{"url":"https:\/\/pubeurope.com\/@fr\/114606845777207512","error":""},"_links":{"self":[{"href":"https:\/\/www.europesays.com\/fr\/wp-json\/wp\/v2\/posts\/143474","targetHints":{"allow":["GET"]}}],"collection":[{"href":"https:\/\/www.europesays.com\/fr\/wp-json\/wp\/v2\/posts"}],"about":[{"href":"https:\/\/www.europesays.com\/fr\/wp-json\/wp\/v2\/types\/post"}],"author":[{"embeddable":true,"href":"https:\/\/www.europesays.com\/fr\/wp-json\/wp\/v2\/users\/2"}],"replies":[{"embeddable":true,"href":"https:\/\/www.europesays.com\/fr\/wp-json\/wp\/v2\/comments?post=143474"}],"version-history":[{"count":0,"href":"https:\/\/www.europesays.com\/fr\/wp-json\/wp\/v2\/posts\/143474\/revisions"}],"wp:featuredmedia":[{"embeddable":true,"href":"https:\/\/www.europesays.com\/fr\/wp-json\/wp\/v2\/media\/143475"}],"wp:attachment":[{"href":"https:\/\/www.europesays.com\/fr\/wp-json\/wp\/v2\/media?parent=143474"}],"wp:term":[{"taxonomy":"category","embeddable":true,"href":"https:\/\/www.europesays.com\/fr\/wp-json\/wp\/v2\/categories?post=143474"},{"taxonomy":"post_tag","embeddable":true,"href":"https:\/\/www.europesays.com\/fr\/wp-json\/wp\/v2\/tags?post=143474"}],"curies":[{"name":"wp","href":"https:\/\/api.w.org\/{rel}","templated":true}]}}