{"id":143476,"date":"2025-06-01T07:07:11","date_gmt":"2025-06-01T07:07:11","guid":{"rendered":"https:\/\/www.europesays.com\/fr\/143476\/"},"modified":"2025-06-01T07:07:11","modified_gmt":"2025-06-01T07:07:11","slug":"grenoble-famille-fauchee-par-un-automobiliste-apres-la-victoire-du-psg-le-pere-temoigne","status":"publish","type":"post","link":"https:\/\/www.europesays.com\/fr\/143476\/","title":{"rendered":"Grenoble. Famille fauch\u00e9e par un automobiliste apr\u00e8s la victoire du PSG : le p\u00e8re t\u00e9moigne"},"content":{"rendered":"<p>Samedi soir, apr\u00e8s la victoire du PSG <a href=\"https:\/\/www.ledauphine.com\/faits-divers-justice\/2025\/06\/01\/la-fete-degenere-plusieurs-blesses-dans-les-rues-a-grenoble\" target=\"_blank\" rel=\"nofollow noopener\">un drame s\u2019est produit<\/a> en plein centre-ville de Grenoble, un automobiliste venant faucher quatre pi\u00e9tons d\u2019une m\u00eame famille sur le cours Jean-Jaur\u00e8s\u00a0: deux jeunes hommes de 17 ans et deux femmes de 23 et 46 ans. Tous ont \u00e9t\u00e9 m\u00e9dicalis\u00e9s et transport\u00e9s au CHU Grenoble Alpes.<\/p>\n<p>Ce dimanche, on en sait davantage sur les victimes. Il s\u2019agit d\u2019une maman et de ses jumeaux de 17 ans ainsi que la ni\u00e8ce. Si les deux femmes sont toujours au Chuga l\u2019un des jumeaux plus l\u00e9g\u00e8rement bless\u00e9 a pu sortir de l\u2019h\u00f4pital, mais reste toujours tr\u00e8s choqu\u00e9.<\/p>\n","protected":false},"excerpt":{"rendered":"Samedi soir, apr\u00e8s la victoire du PSG un drame s\u2019est produit en plein centre-ville de Grenoble, un automobiliste&hellip;\n","protected":false},"author":2,"featured_media":143477,"comment_status":"","ping_status":"","sticky":false,"template":"","format":"standard","meta":{"footnotes":""},"categories":[9566],"tags":[119,1111,11,2430,112,1777,674,274,107,63,1011,27,329,2731,108,12,25,517],"class_list":{"0":"post-143476","1":"post","2":"type-post","3":"status-publish","4":"format-standard","5":"has-post-thumbnail","7":"category-grenoble","8":"tag-accident","9":"tag-actu","10":"tag-actualites","11":"tag-auvergne-rhone-alpes","12":"tag-edition-grenoble-agglomeration","13":"tag-eu","14":"tag-europe","15":"tag-faits-divers-justice","16":"tag-fil-info","17":"tag-football","18":"tag-fr","19":"tag-france","20":"tag-france-monde","21":"tag-grenoble","22":"tag-isere","23":"tag-news","24":"tag-republique-francaise","25":"tag-sport"},"share_on_mastodon":{"url":"https:\/\/pubeurope.com\/@fr\/114606849746128591","error":""},"_links":{"self":[{"href":"https:\/\/www.europesays.com\/fr\/wp-json\/wp\/v2\/posts\/143476","targetHints":{"allow":["GET"]}}],"collection":[{"href":"https:\/\/www.europesays.com\/fr\/wp-json\/wp\/v2\/posts"}],"about":[{"href":"https:\/\/www.europesays.com\/fr\/wp-json\/wp\/v2\/types\/post"}],"author":[{"embeddable":true,"href":"https:\/\/www.europesays.com\/fr\/wp-json\/wp\/v2\/users\/2"}],"replies":[{"embeddable":true,"href":"https:\/\/www.europesays.com\/fr\/wp-json\/wp\/v2\/comments?post=143476"}],"version-history":[{"count":0,"href":"https:\/\/www.europesays.com\/fr\/wp-json\/wp\/v2\/posts\/143476\/revisions"}],"wp:featuredmedia":[{"embeddable":true,"href":"https:\/\/www.europesays.com\/fr\/wp-json\/wp\/v2\/media\/143477"}],"wp:attachment":[{"href":"https:\/\/www.europesays.com\/fr\/wp-json\/wp\/v2\/media?parent=143476"}],"wp:term":[{"taxonomy":"category","embeddable":true,"href":"https:\/\/www.europesays.com\/fr\/wp-json\/wp\/v2\/categories?post=143476"},{"taxonomy":"post_tag","embeddable":true,"href":"https:\/\/www.europesays.com\/fr\/wp-json\/wp\/v2\/tags?post=143476"}],"curies":[{"name":"wp","href":"https:\/\/api.w.org\/{rel}","templated":true}]}}