{"id":143478,"date":"2025-06-01T07:08:52","date_gmt":"2025-06-01T07:08:52","guid":{"rendered":"https:\/\/www.europesays.com\/fr\/143478\/"},"modified":"2025-06-01T07:08:52","modified_gmt":"2025-06-01T07:08:52","slug":"heroisme-pendant-la-seconde-guerre-mondiale-des-classes-de-defense-de-louest-distinguees","status":"publish","type":"post","link":"https:\/\/www.europesays.com\/fr\/143478\/","title":{"rendered":"H\u00e9ro\u00efsme pendant la Seconde Guerre mondiale\u00a0: des classes de d\u00e9fense de l\u2019ouest distingu\u00e9es"},"content":{"rendered":"<p>\u00ab\u00a0Les visages de l\u2019h\u00e9ro\u00efsme pendant la seconde guerre mondiale en France\u00a0\u00bb\u00a0: c\u2019est le th\u00e8me sur lequel ont planch\u00e9\u00a0douze\u00a0classes de d\u00e9fense et s\u00e9curit\u00e9 globale de Normandie, Pays de la Loire et Centre-Val de Loire pour la 2e\u00a0\u00e9dition du prix Arm\u00e9es zone Ouest. Les travaux d\u2019\u00e9l\u00e8ves de cinq de ces classes ont \u00e9t\u00e9 distingu\u00e9s, mardi 27\u00a0mai 2025, dans les salons de l\u2019h\u00f4tel de ville de Rennes, \u00e0 l\u2019occasion de la <a href=\"https:\/\/rennes.maville.com\/actu\/actudet_-a-rennes-400-participants-commemorent-la-resistance-lors-d-un-escape-game-_52674-6829261_actu.Htm\" target=\"_blank\" rel=\"nofollow noopener\">Journ\u00e9e des innovations m\u00e9morielles organis\u00e9e par l\u2019Office national des combattants et victimes de guerre (ONaCVG) et la ville de Rennes<\/a>.<\/p>\n<p><strong>Lire aussi\u00a0:<\/strong> <a href=\"https:\/\/rennes.maville.com\/actu\/actudet_-commemorer-autrement-des-etudiants-de-l-universite-rennes-2-livrent-un-projet-cle-en-main-_7-6759886_actu.Htm\" target=\"_blank\" rel=\"nofollow noopener\">Comm\u00e9morer autrement\u00a0? Des \u00e9tudiants de l\u2019universit\u00e9 Rennes 2\u00a0livrent un projet cl\u00e9 en main<\/a><\/p>\n<p>Le 1er prix a \u00e9t\u00e9 remis par le g\u00e9n\u00e9ral Patrik Steiger, officier g\u00e9n\u00e9ral de zone de d\u00e9fense et de s\u00e9curit\u00e9 Ouest, \u00e0 une classe de 3e g\u00e9n\u00e9rale du coll\u00e8ge Pierre-de-Ronsard \u00e0 Tours (Cher et la Loire)\u00a0: ils iront visiter le mus\u00e9e de l\u2019Arm\u00e9e, aux Invalides, \u00e0 Paris, et participeront \u00e0 la c\u00e9r\u00e9monie du ravivage de la flamme sous l\u2019Arc de Triomphe d\u00e9but juin\u00a02025.<\/p>\n<p>Les quatre autres classes de 3e\u00a0g\u00e9n\u00e9rale laur\u00e9ates\u00a0: coll\u00e8ge Claude-Monet d\u2019Ezy-sur-Eure\u00a0(Eure)\u00a0; coll\u00e8ge Georges-Braque de Rouen (Seine-Maritime)\u00a0; coll\u00e8ge Jacques-Monod de Caen (Calvados)\u00a0; coll\u00e8ge Jules-Ferry de Tours (Cher et la Loire).<strong> \u00ab\u00a0Ce projet s\u2019inscrit dans le cadre de l\u2019enseignement de d\u00e9fense dont l\u2019objectif est d\u2019instruire les \u00e9l\u00e8ves sur les enjeux de la d\u00e9fense et de la s\u00e9curit\u00e9 nationale, en leur offrant l\u2019opportunit\u00e9 d\u2019interagir directement avec des militaires\u00a0\u00bb<\/strong>, pr\u00e9cise la zone de d\u00e9fense.<\/p>\n<p>\u00a0<\/p>\n","protected":false},"excerpt":{"rendered":"\u00ab\u00a0Les visages de l\u2019h\u00e9ro\u00efsme pendant la seconde guerre mondiale en France\u00a0\u00bb\u00a0: c\u2019est le th\u00e8me sur lequel ont planch\u00e9\u00a0douze\u00a0classes&hellip;\n","protected":false},"author":2,"featured_media":143479,"comment_status":"","ping_status":"","sticky":false,"template":"","format":"standard","meta":{"footnotes":""},"categories":[2821],"tags":[1111,11,829,9637,554,27156,1777,674,1011,27,1146,27155,15412,12,9144,3086,584,25,10040],"class_list":{"0":"post-143478","1":"post","2":"type-post","3":"status-publish","4":"format-standard","5":"has-post-thumbnail","7":"category-rennes","8":"tag-actu","9":"tag-actualites","10":"tag-bretagne","11":"tag-classes","12":"tag-defense","13":"tag-distinguees","14":"tag-eu","15":"tag-europe","16":"tag-fr","17":"tag-france","18":"tag-guerre","19":"tag-heroisme","20":"tag-mondiale","21":"tag-news","22":"tag-ouest","23":"tag-redon","24":"tag-rennes","25":"tag-republique-francaise","26":"tag-seconde"},"share_on_mastodon":{"url":"https:\/\/pubeurope.com\/@fr\/114606857590779156","error":""},"_links":{"self":[{"href":"https:\/\/www.europesays.com\/fr\/wp-json\/wp\/v2\/posts\/143478","targetHints":{"allow":["GET"]}}],"collection":[{"href":"https:\/\/www.europesays.com\/fr\/wp-json\/wp\/v2\/posts"}],"about":[{"href":"https:\/\/www.europesays.com\/fr\/wp-json\/wp\/v2\/types\/post"}],"author":[{"embeddable":true,"href":"https:\/\/www.europesays.com\/fr\/wp-json\/wp\/v2\/users\/2"}],"replies":[{"embeddable":true,"href":"https:\/\/www.europesays.com\/fr\/wp-json\/wp\/v2\/comments?post=143478"}],"version-history":[{"count":0,"href":"https:\/\/www.europesays.com\/fr\/wp-json\/wp\/v2\/posts\/143478\/revisions"}],"wp:featuredmedia":[{"embeddable":true,"href":"https:\/\/www.europesays.com\/fr\/wp-json\/wp\/v2\/media\/143479"}],"wp:attachment":[{"href":"https:\/\/www.europesays.com\/fr\/wp-json\/wp\/v2\/media?parent=143478"}],"wp:term":[{"taxonomy":"category","embeddable":true,"href":"https:\/\/www.europesays.com\/fr\/wp-json\/wp\/v2\/categories?post=143478"},{"taxonomy":"post_tag","embeddable":true,"href":"https:\/\/www.europesays.com\/fr\/wp-json\/wp\/v2\/tags?post=143478"}],"curies":[{"name":"wp","href":"https:\/\/api.w.org\/{rel}","templated":true}]}}