{"id":143482,"date":"2025-06-01T07:10:22","date_gmt":"2025-06-01T07:10:22","guid":{"rendered":"https:\/\/www.europesays.com\/fr\/143482\/"},"modified":"2025-06-01T07:10:22","modified_gmt":"2025-06-01T07:10:22","slug":"manifestation-pour-les-retraites-et-les-salaires-jeudi-5-juin-a-strasbourg","status":"publish","type":"post","link":"https:\/\/www.europesays.com\/fr\/143482\/","title":{"rendered":"Manifestation pour les retraites et les salaires jeudi 5 juin \u00e0 Strasbourg"},"content":{"rendered":"<p class=\"wp-block-post-excerpt__excerpt\">La CGT appelle \u00e0 une gr\u00e8ve dans tous les secteurs jeudi 5 juin pour d\u00e9fendre la retraite par r\u00e9partition et des salaires suffisamment \u00e9lev\u00e9s pour y cotiser. <\/p>\n<p class=\"font-sans\">\n\t\t\tCet article est en acc\u00e8s libre. Pour soutenir Rue89 Strasbourg,<br \/>\n\t\t\t<a class=\"underline\" href=\"https:\/\/www.rue89strasbourg.com\/abonnement\" rel=\"nofollow noopener\" target=\"_blank\">abonnez-vous<\/a>.\n\t\t<\/p>\n<p>Camille Balzinger<\/p>\n<p>Publi\u00e9 le 1 juin 2025\u00a0\u00a0\u00b7\u00a0\u00a0<\/p>\n<p>Imprim\u00e9 le 1er juin 2025 \u00e0 09h04\u00a0\u00a0\u00b7\u00a0\u00a0<\/p>\n<p>\t\t\t\t\t2\u00a0minutes\n<\/p>\n<p>\u00ab\u00a0Retraites, salaires, emploi : m\u00eame combat\u00a0\u00bb, clame la CGT. Jeudi 5 juin, l\u2019union bas-rhinoise du syndicat organise une manifestation pour que soit pr\u00e9serv\u00e9e la retraite par r\u00e9partition via des cotisations sur un salaire brut augment\u00e9. La CGT appelle toutes ses f\u00e9d\u00e9rations \u00e0 <a href=\"https:\/\/www.cgt.fr\/actualites\/retraites-mobilisation\/5-juin-en-greve-et-en-manifestations-pour-nos-retraites-nos-emplois-et-nos-salaires\" target=\"_blank\" rel=\"noreferrer noopener nofollow\">se mobiliser sur ce mot d\u2019ordre en France<\/a>\u00a0: <\/p>\n<blockquote class=\"wp-block-quote is-layout-flow wp-block-quote-is-layout-flow\">\n<p>\u00ab\u00a0La retraite par r\u00e9partition c\u2019est solide et solidaire : chaque euro cotis\u00e9 finance imm\u00e9diatement les pensions. Des salaires plus \u00e9lev\u00e9s, c\u2019est plus de cotisations pour la s\u00e9curit\u00e9 sociale, donc de meilleures retraites, mieux financ\u00e9es.\u00a0\u00bb<\/p>\n<\/blockquote>\n<p>\u00c0 Strasbourg, la manifestation partira \u00e0 13h30 de la place de Bordeaux, dans le quartier du Wacken. Le trajet de la manifestation doit ensuite passer par le boulevard Jacques-Preiss, l\u2019all\u00e9e de la Robertsau, le quai du Maire-Dietrich, l\u2019avenue de la Libert\u00e9, la place de la R\u00e9publique puis reviendra place de Bordeaux. Pr\u00e9sident de l\u2019UD du Bas-Rhin de la CGT, Laurent Feisthauer pr\u00e9cise que ce trajet atypique est li\u00e9 \u00e0 la tenue, au Palais des congr\u00e8s, d\u2019un \u00e9v\u00e8nement de la f\u00e9d\u00e9ration m\u00e9tallurgie de la CGT.<\/p>\n<\/p>\n<p><a href=\"https:\/\/www.rue89strasbourg.com\/abonnement\" rel=\"nofollow noopener\" target=\"_blank\"><img loading=\"lazy\" decoding=\"async\" width=\"970\" height=\"250\" src=\"https:\/\/www.europesays.com\/fr\/wp-content\/uploads\/2025\/05\/bannie\u0300re-autopromo-2025-desktop-1.gif\" alt=\"\" class=\"wp-image-343590\" style=\"width:792px\"\/><\/a><\/p>\n<p><a href=\"https:\/\/www.rue89strasbourg.com\/abonnement\" rel=\"nofollow noopener\" target=\"_blank\"><img loading=\"lazy\" decoding=\"async\" width=\"300\" height=\"300\" src=\"https:\/\/www.europesays.com\/fr\/wp-content\/uploads\/2025\/05\/bannieres@2x.png\" alt=\"\" class=\"wp-image-341656\"  \/><\/a><\/p>\n<p>Cantines ferm\u00e9es<\/p>\n<p>En raison de cet appel, plusieurs perturbations sont \u00e0 pr\u00e9voir dans les services et les transports publics. Les cantines scolaires seront ferm\u00e9es et des modifications sont pr\u00e9vues pour l\u2019accueil des enfants dans les \u00e9coles. La Ville de Strasbourg <a href=\"https:\/\/www.strasbourg.eu\/-\/pr%C3%A9avis-de-gr%C3%A8ve%C2%A0-fermeture-des-cantines-scolaires-le-jeudi-5-juin-%C3%A0-strasbourg\" target=\"_blank\" rel=\"noreferrer noopener nofollow\">pr\u00e9cise<\/a> qu\u2019aucun accueil des jeunes ne sera possible entre midi et 14h ce jour-l\u00e0 dans ses cantines. Les enfants devront \u00eatre cherch\u00e9s \u00e0 la pause m\u00e9ridienne mais aucune d\u00e9marche n\u2019est \u00e0 effectuer pour annuler le co\u00fbt du repas.<\/p>\n<p>Pour les accueils p\u00e9riscolaires du matin et du soir, les \u00e9coles fonctionneront au cas par cas et afficheront sur leurs panneaux d\u2019information le dispositif mis en place.<\/p>\n<p>Un service d\u2019accueil minimum sera mis en place, c\u2019est-\u00e0-dire, selon la Ville, que \u00ab\u00a0d\u00e8s lors qu\u2019au moins 25% des enseignant\u00b7es de l\u2019\u00e9cole sont gr\u00e9vistes. Les enfants concern\u00e9s pourront \u00eatre accueillis\u00a0de 8h30 \u00e0 12h00 et de 14h00 \u00e0 16h30\u00a0dans l\u2019une des six \u00e9coles d\u00e9sign\u00e9es sur le territoire strasbourgeois\u00a0\u00bb\u00a0:<\/p>\n<ul class=\"wp-block-list\">\n<li><strong>Meinau et Neuhof<\/strong>\u00a0: \u00e9cole Guynmeyer, 11 rue d\u2019Argenton (Annexe)<\/li>\n<li><strong>Hautepierre et Cronenbourg<\/strong>\u00a0: \u00e9cole maternelle Catherine, 1 place de la Comtesse de S\u00e9gur<\/li>\n<li><strong>Neudorf et Port du Rhin<\/strong>\u00a0: \u00e9cole primaire Schulthfeld, 62 rue de Saint Di\u00e9<\/li>\n<li><strong>Robertsau, Esplanade et Conseil des XV\u00a0<\/strong>: accueil de loisirs Schwilgu\u00e9, 45-47 rue de la Doller<\/li>\n<li><strong>Gare, Centre-ville et Krutenau\u00a0<\/strong>: \u00e9cole maternelle Louise Scheppler, 3 rue de Fouday<\/li>\n<li><strong>Elsau, Montagne Verte, Koenigshoffen et Poteries\u00a0<\/strong>: \u00e9cole maternelle Gliesberg, 10 chemin du Glisberg<\/li>\n<\/ul>\n<p>Les parents doivent v\u00e9rifier aupr\u00e8s de l\u2019\u00e9cole de leur enfant si elle est concern\u00e9e par ce service d\u2019accueil minimum, l\u2019inscrire et le d\u00e9poser dans le bon \u00e9tablissement le cas \u00e9ch\u00e9ant.<\/p>\n<p>Y <strong>aller<\/strong><\/p>\n<p><strong>Gr\u00e8ve et manifestation pour la retraite, l\u2019emploi et les salaires<\/strong>, jeudi 5 juin d\u00e8s 13h30, au d\u00e9part et \u00e0 l\u2019arriv\u00e9e place de Bordeaux \u00e0 Strasbourg\u00a0\u2013 Wacken.<\/p>\n","protected":false},"excerpt":{"rendered":"La CGT appelle \u00e0 une gr\u00e8ve dans tous les secteurs jeudi 5 juin pour d\u00e9fendre la retraite par&hellip;\n","protected":false},"author":2,"featured_media":143483,"comment_status":"","ping_status":"","sticky":false,"template":"","format":"standard","meta":{"footnotes":""},"categories":[2820],"tags":[1111,11,1777,674,1011,27,775,2088,12,25,640],"class_list":{"0":"post-143482","1":"post","2":"type-post","3":"status-publish","4":"format-standard","5":"has-post-thumbnail","7":"category-strasbourg","8":"tag-actu","9":"tag-actualites","10":"tag-eu","11":"tag-europe","12":"tag-fr","13":"tag-france","14":"tag-grand-est","15":"tag-manifestation","16":"tag-news","17":"tag-republique-francaise","18":"tag-strasbourg"},"share_on_mastodon":{"url":"https:\/\/pubeurope.com\/@fr\/114606861519351284","error":""},"_links":{"self":[{"href":"https:\/\/www.europesays.com\/fr\/wp-json\/wp\/v2\/posts\/143482","targetHints":{"allow":["GET"]}}],"collection":[{"href":"https:\/\/www.europesays.com\/fr\/wp-json\/wp\/v2\/posts"}],"about":[{"href":"https:\/\/www.europesays.com\/fr\/wp-json\/wp\/v2\/types\/post"}],"author":[{"embeddable":true,"href":"https:\/\/www.europesays.com\/fr\/wp-json\/wp\/v2\/users\/2"}],"replies":[{"embeddable":true,"href":"https:\/\/www.europesays.com\/fr\/wp-json\/wp\/v2\/comments?post=143482"}],"version-history":[{"count":0,"href":"https:\/\/www.europesays.com\/fr\/wp-json\/wp\/v2\/posts\/143482\/revisions"}],"wp:featuredmedia":[{"embeddable":true,"href":"https:\/\/www.europesays.com\/fr\/wp-json\/wp\/v2\/media\/143483"}],"wp:attachment":[{"href":"https:\/\/www.europesays.com\/fr\/wp-json\/wp\/v2\/media?parent=143482"}],"wp:term":[{"taxonomy":"category","embeddable":true,"href":"https:\/\/www.europesays.com\/fr\/wp-json\/wp\/v2\/categories?post=143482"},{"taxonomy":"post_tag","embeddable":true,"href":"https:\/\/www.europesays.com\/fr\/wp-json\/wp\/v2\/tags?post=143482"}],"curies":[{"name":"wp","href":"https:\/\/api.w.org\/{rel}","templated":true}]}}